{"id":8369,"date":"2024-05-24T21:18:59","date_gmt":"2024-05-25T00:18:59","guid":{"rendered":"https:\/\/blogs.correiobraziliense.com.br\/lianasabo\/?p=8369"},"modified":"2024-05-24T21:18:59","modified_gmt":"2024-05-25T00:18:59","slug":"bela-gil-fara-aula-show-no-mercadinho-do-brasilia-shopping","status":"publish","type":"post","link":"https:\/\/blogs.correiobraziliense.com.br\/lianasabo\/bela-gil-fara-aula-show-no-mercadinho-do-brasilia-shopping\/","title":{"rendered":"Bela Gil far\u00e1 aula-show no Mercadinho do Bras\u00edlia Shopping"},"content":{"rendered":"<p>O projeto Mercadinho do Bras\u00edlia Shopping ter\u00e1 uma edi\u00e7\u00e3o especial neste s\u00e1bado (25). Em homenagem ao Dia do Caf\u00e9, o evento celebrar\u00e1 a bebida milenar com masterclass, oficinas e aulas-shows. A programa\u00e7\u00e3o come\u00e7a \u00e0s 11h, com entrada franca.<\/p>\n<p>O grande destaque da edi\u00e7\u00e3o \u00e9 a presen\u00e7a da culinarista e apresentadora de TV, Bela Gil, conhecida por disseminar alimenta\u00e7\u00e3o saud\u00e1vel e consciente. Na ocasi\u00e3o, ela sobe ao palco \u00e0s 12h para dar dicas ao p\u00fablico de como inovar nas receitas protagonizadas pelo caf\u00e9.<\/p>\n<p><strong>Confira a programa\u00e7\u00e3o:<\/strong><br \/>\n11h: Masterclass com equipe Nespresso (Entrada W3 Norte)<br \/>\n12h: Aula-show com chef Bela Gil<br \/>\n14h: Oficina* de Aquarela de Caf\u00e9 (Entrada W3 Norte)<br \/>\n15h: Concurso de Latte Art (entrada W3 Norte) e Oficina* de Mini Horta com c\u00e1psulas<br \/>\n16h: Show com banda Trio Jazz (Entrada W3 norte)<br \/>\n<em>*A participa\u00e7\u00e3o nas oficinas ser\u00e1 limitada a 12 crian\u00e7as por hor\u00e1rio. O cadastro dever\u00e1 ser feito no Balc\u00e3o de Informa\u00e7\u00f5es, localizado no 1\u00ba piso, 1 hora antes do in\u00edcio das atividades.<\/em><\/p>\n","protected":false},"excerpt":{"rendered":"<p>O projeto Mercadinho do Bras\u00edlia Shopping ter\u00e1 uma edi\u00e7\u00e3o especial neste s\u00e1bado (25). Em homenagem ao Dia do Caf\u00e9, o evento celebrar\u00e1 a bebida milenar com masterclass, oficinas e aulas-shows. A programa\u00e7\u00e3o come\u00e7a \u00e0s 11h, com entrada franca. O grande destaque da edi\u00e7\u00e3o \u00e9 a presen\u00e7a da culinarista e apresentadora de TV, Bela Gil, conhecida por disseminar alimenta\u00e7\u00e3o saud\u00e1vel e [&hellip;]<\/p>\n","protected":false},"author":54,"featured_media":8370,"comment_status":"open","ping_status":"open","sticky":false,"template":"","format":"standard","meta":{"footnotes":""},"categories":[486],"tags":[665,168,416],"class_list":["post-8369","post","type-post","status-publish","format-standard","has-post-thumbnail","hentry","category-evento","tag-bela-gil","tag-brasilia-shopping","tag-mercadinho"],"_links":{"self":[{"href":"https:\/\/blogs.correiobraziliense.com.br\/lianasabo\/wp-json\/wp\/v2\/posts\/8369","targetHints":{"allow":["GET"]}}],"collection":[{"href":"https:\/\/blogs.correiobraziliense.com.br\/lianasabo\/wp-json\/wp\/v2\/posts"}],"about":[{"href":"https:\/\/blogs.correiobraziliense.com.br\/lianasabo\/wp-json\/wp\/v2\/types\/post"}],"author":[{"embeddable":true,"href":"https:\/\/blogs.correiobraziliense.com.br\/lianasabo\/wp-json\/wp\/v2\/users\/54"}],"replies":[{"embeddable":true,"href":"https:\/\/blogs.correiobraziliense.com.br\/lianasabo\/wp-json\/wp\/v2\/comments?post=8369"}],"version-history":[{"count":1,"href":"https:\/\/blogs.correiobraziliense.com.br\/lianasabo\/wp-json\/wp\/v2\/posts\/8369\/revisions"}],"predecessor-version":[{"id":8371,"href":"https:\/\/blogs.correiobraziliense.com.br\/lianasabo\/wp-json\/wp\/v2\/posts\/8369\/revisions\/8371"}],"wp:featuredmedia":[{"embeddable":true,"href":"https:\/\/blogs.correiobraziliense.com.br\/lianasabo\/wp-json\/wp\/v2\/media\/8370"}],"wp:attachment":[{"href":"https:\/\/blogs.correiobraziliense.com.br\/lianasabo\/wp-json\/wp\/v2\/media?parent=8369"}],"wp:term":[{"taxonomy":"category","embeddable":true,"href":"https:\/\/blogs.correiobraziliense.com.br\/lianasabo\/wp-json\/wp\/v2\/categories?post=8369"},{"taxonomy":"post_tag","embeddable":true,"href":"https:\/\/blogs.correiobraziliense.com.br\/lianasabo\/wp-json\/wp\/v2\/tags?post=8369"}],"curies":[{"name":"wp","href":"https:\/\/api.w.org\/{rel}","templated":true}]}}