{"id":8366,"date":"2024-05-24T19:43:49","date_gmt":"2024-05-24T22:43:49","guid":{"rendered":"https:\/\/blogs.correiobraziliense.com.br\/lianasabo\/?p=8366"},"modified":"2024-05-24T19:43:49","modified_gmt":"2024-05-24T22:43:49","slug":"festival-burger-gourmet-entra-em-sua-segunda-edicao-em-brasilia","status":"publish","type":"post","link":"https:\/\/blogs.correiobraziliense.com.br\/lianasabo\/festival-burger-gourmet-entra-em-sua-segunda-edicao-em-brasilia\/","title":{"rendered":"Festival Burger Gourmet entra em sua segunda edi\u00e7\u00e3o em Bras\u00edlia"},"content":{"rendered":"<p><em>S\u00e3o mais de 30 endere\u00e7os participantes com menu especial at\u00e9 23 de junho<\/em><\/p>\n<p>No universo fast food, a estrela \u00e9 o hamburguer que tem um festival para chamar de seu. Durante um m\u00eas, de 23 de maio a 23 de junho, 30 endere\u00e7os da cidade participam do 2\u00ba Festival Burger Gourmet em duas faixas de pre\u00e7o: R$ 39,90, tradicional e R$ 49,90, plus.<\/p>\n<figure id=\"attachment_8356\" aria-describedby=\"caption-attachment-8356\" style=\"width: 300px\" class=\"wp-caption alignleft\"><a href=\"https:\/\/blogs.correiobraziliense.com.br\/lianasabo\/wp-content\/uploads\/sites\/25\/2024\/05\/images_normal.jpg\"><img loading=\"lazy\" decoding=\"async\" class=\"size-medium wp-image-8356\" src=\"https:\/\/blogs.correiobraziliense.com.br\/lianasabo\/wp-content\/uploads\/sites\/25\/2024\/05\/images_normal-300x275.jpg\" alt=\"\" width=\"300\" height=\"275\" srcset=\"https:\/\/blogs.correiobraziliense.com.br\/lianasabo\/wp-content\/uploads\/sites\/25\/2024\/05\/images_normal-300x275.jpg 300w, https:\/\/blogs.correiobraziliense.com.br\/lianasabo\/wp-content\/uploads\/sites\/25\/2024\/05\/images_normal-230x211.jpg 230w, https:\/\/blogs.correiobraziliense.com.br\/lianasabo\/wp-content\/uploads\/sites\/25\/2024\/05\/images_normal.jpg 372w\" sizes=\"auto, (max-width: 300px) 100vw, 300px\" \/><\/a><figcaption id=\"caption-attachment-8356\" class=\"wp-caption-text\">Cr\u00e9dito: Festival Burger Gourmet\/Divulga\u00e7\u00e3o<\/figcaption><\/figure>\n<p>Al\u00e9m do Plano Piloto, h\u00e1 estabelecimentos em outras regi\u00f5es administrativas do DF como Gama e \u00c1guas Claras. S\u00e3o eles: Casa Baco, V\u00e9i Chico, Canton, Caf\u00e9 e um Ch\u00earo, Ricco Burger, Superquadra Bar, De Paulina Bodegon, Italian\u00edssimo, Lima Cocina Peruana, Tudo do Porco, Marzuk, Mar\u00e9, Mahalo Poke no Man\u00e9 Mercado; Ricco Burger &#8211; Asa Sul e Park Shopping; TT Burger; Primeiro Bar; Inforno &#8211; Asa Sul, Asa Norte e \u00c1guas Claras; Greenhouse Lago Sul; The Queens Place; P\u00e1prica Burger &#8211; Asa Sul, Asa Norte e \u00c1guas Claras &#8211; ; Mad\u00f4 Burger, Vila Tarego; Fora do Eixo Lounge; Chapa Sanduberia e Bulls Hamburgueria (Asa Sul e Gama).<\/p>\n<p>Assim como \u00e9 tradi\u00e7\u00e3o na Restaurant Week, a segunda edi\u00e7\u00e3o do festival Burger Gourmet tamb\u00e9m trar\u00e1 a possibilidade dos clientes doarem o valor de R$ 2, revertido para a organiza\u00e7\u00e3o n\u00e3o governamental Amigos da Vida. A institui\u00e7\u00e3o constr\u00f3i brinquedotecas em hospitais p\u00fablicos do Distrito Federal e tamb\u00e9m cuida de crian\u00e7as portadoras do v\u00edrus HIV.<\/p>\n<p>Informa\u00e7\u00f5es: <a href=\"https:\/\/www.instagram.com\/burgergourmetbrasil\">@burgergourmetbrasil<\/a> e (61) 99802-5867.<\/p>\n","protected":false},"excerpt":{"rendered":"<p>S\u00e3o mais de 30 endere\u00e7os participantes com menu especial at\u00e9 23 de junho<\/p>\n","protected":false},"author":54,"featured_media":8367,"comment_status":"open","ping_status":"open","sticky":false,"template":"","format":"standard","meta":{"footnotes":""},"categories":[311],"tags":[1088],"class_list":["post-8366","post","type-post","status-publish","format-standard","has-post-thumbnail","hentry","category-hamburguer","tag-festival-burger-gourmet"],"_links":{"self":[{"href":"https:\/\/blogs.correiobraziliense.com.br\/lianasabo\/wp-json\/wp\/v2\/posts\/8366","targetHints":{"allow":["GET"]}}],"collection":[{"href":"https:\/\/blogs.correiobraziliense.com.br\/lianasabo\/wp-json\/wp\/v2\/posts"}],"about":[{"href":"https:\/\/blogs.correiobraziliense.com.br\/lianasabo\/wp-json\/wp\/v2\/types\/post"}],"author":[{"embeddable":true,"href":"https:\/\/blogs.correiobraziliense.com.br\/lianasabo\/wp-json\/wp\/v2\/users\/54"}],"replies":[{"embeddable":true,"href":"https:\/\/blogs.correiobraziliense.com.br\/lianasabo\/wp-json\/wp\/v2\/comments?post=8366"}],"version-history":[{"count":1,"href":"https:\/\/blogs.correiobraziliense.com.br\/lianasabo\/wp-json\/wp\/v2\/posts\/8366\/revisions"}],"predecessor-version":[{"id":8368,"href":"https:\/\/blogs.correiobraziliense.com.br\/lianasabo\/wp-json\/wp\/v2\/posts\/8366\/revisions\/8368"}],"wp:featuredmedia":[{"embeddable":true,"href":"https:\/\/blogs.correiobraziliense.com.br\/lianasabo\/wp-json\/wp\/v2\/media\/8367"}],"wp:attachment":[{"href":"https:\/\/blogs.correiobraziliense.com.br\/lianasabo\/wp-json\/wp\/v2\/media?parent=8366"}],"wp:term":[{"taxonomy":"category","embeddable":true,"href":"https:\/\/blogs.correiobraziliense.com.br\/lianasabo\/wp-json\/wp\/v2\/categories?post=8366"},{"taxonomy":"post_tag","embeddable":true,"href":"https:\/\/blogs.correiobraziliense.com.br\/lianasabo\/wp-json\/wp\/v2\/tags?post=8366"}],"curies":[{"name":"wp","href":"https:\/\/api.w.org\/{rel}","templated":true}]}}