{"id":8363,"date":"2024-05-24T19:39:18","date_gmt":"2024-05-24T22:39:18","guid":{"rendered":"https:\/\/blogs.correiobraziliense.com.br\/lianasabo\/?p=8363"},"modified":"2024-05-24T19:39:18","modified_gmt":"2024-05-24T22:39:18","slug":"festival-da-cachaca-de-brasilia-reune-mais-de-200-rotulos-da-bebida","status":"publish","type":"post","link":"https:\/\/blogs.correiobraziliense.com.br\/lianasabo\/festival-da-cachaca-de-brasilia-reune-mais-de-200-rotulos-da-bebida\/","title":{"rendered":"Festival da Cacha\u00e7a de Bras\u00edlia re\u00fane mais de 200 r\u00f3tulos da bebida"},"content":{"rendered":"<p><em>O evento conta com expositores de 12 estados e mais do Distrito Federal. Na programa\u00e7\u00e3o, degusta\u00e7\u00e3o, workshops e apresenta\u00e7\u00f5es musicais<\/em><\/p>\n<p>No Man\u00e9 Mercado, come\u00e7ou quarta-feira (22) e vai at\u00e9 domingo (26) a primeira edi\u00e7\u00e3o do Festival da Cacha\u00e7a, que re\u00fane expositores dos principais r\u00f3tulos do produto, al\u00e9m de m\u00fasica. Destaque para a Gastrozinha, de Raquel Amaral, que \u00e9 a primeira cacha\u00e7a assinada por uma chef.<\/p>\n<p>S\u00e3o mais de 200 r\u00f3tulos de 48 expositores de 12 estados mais o Distrito Federal. Os estandes est\u00e3o montados no estacionamento do espa\u00e7o, que funciona como polo gastron\u00f4mico da festa.<\/p>\n<p>Al\u00e9m de conhecer um pouco mais sobre a hist\u00f3ria e produ\u00e7\u00e3o da bebida mais tradicional do Brasil, o p\u00fablico tamb\u00e9m poder\u00e1 degustar as cacha\u00e7as e participar de workshops com especialistas do setor.<\/p>\n<p>\u201cMais que um evento para apreciadores de cacha\u00e7a, \u00e9 uma oportunidade para conhecer um pouco mais da hist\u00f3ria desse produto mundialmente admirado, que reunir\u00e1 m\u00fasica, gastronomia e cultura\u201d, destaca Edilane Oliveira, diretora do Instituto Brasileiro de Integra\u00e7\u00e3o (IBI), respons\u00e1vel pelo Festival da Cacha\u00e7a de Bras\u00edlia.<\/p>\n<p>O Festival da Cacha\u00e7a de Bras\u00edlia \u00e9 organizado pelo Instituto Brasileiro de Integra\u00e7\u00e3o (IBI), em parceria com a Secretaria de Economia, Desenvolvimento, Inova\u00e7\u00e3o, Ci\u00eancia e Tecnologia (Secti-DF).<\/p>\n<p><strong>Oficinas<\/strong><\/p>\n<p>24\/5 &#8211; Blend Experience<br \/>\n25\/5 &#8211; Coquetelaria com cacha\u00e7a<\/p>\n<p><strong>Programa\u00e7\u00e3o art\u00edstica<\/strong><\/p>\n<p>24\/5<br \/>\n18h30 &#8211; Chorinho<br \/>\n21h &#8211; Leandro Kato<\/p>\n<p>25\/5<br \/>\n17h &#8211; Karika<br \/>\n21h &#8211; Renato Teixeira<\/p>\n<p>26\/5<br \/>\n16h &#8211; Chorinho<br \/>\n19h &#8211; Her\u00f3is de botequim<\/p>\n<p><strong>Festival da Cacha\u00e7a de Bras\u00edlia<\/strong><br \/>\n<strong>Data:<\/strong> 22 a 26 de maio<br \/>\n<strong>Hor\u00e1rio:<\/strong> 12h30 \u00e0s 23h<br \/>\n<strong>Local:<\/strong> Man\u00e9 Mercado<br \/>\n<strong>Entrada:<\/strong> Gratuita<br \/>\n<strong>Classifica\u00e7\u00e3o:<\/strong> 18 anos<\/p>\n","protected":false},"excerpt":{"rendered":"<p>O evento conta com expositores de 12 estados e mais do Distrito Federal. Na programa\u00e7\u00e3o, degusta\u00e7\u00e3o, workshops e apresenta\u00e7\u00f5es musicais<\/p>\n","protected":false},"author":54,"featured_media":8364,"comment_status":"open","ping_status":"open","sticky":false,"template":"","format":"standard","meta":{"footnotes":""},"categories":[1],"tags":[1087,650],"class_list":["post-8363","post","type-post","status-publish","format-standard","has-post-thumbnail","hentry","category-sem-categoria","tag-festival-da-cachaca-de-brasilia","tag-mane-mercado"],"_links":{"self":[{"href":"https:\/\/blogs.correiobraziliense.com.br\/lianasabo\/wp-json\/wp\/v2\/posts\/8363","targetHints":{"allow":["GET"]}}],"collection":[{"href":"https:\/\/blogs.correiobraziliense.com.br\/lianasabo\/wp-json\/wp\/v2\/posts"}],"about":[{"href":"https:\/\/blogs.correiobraziliense.com.br\/lianasabo\/wp-json\/wp\/v2\/types\/post"}],"author":[{"embeddable":true,"href":"https:\/\/blogs.correiobraziliense.com.br\/lianasabo\/wp-json\/wp\/v2\/users\/54"}],"replies":[{"embeddable":true,"href":"https:\/\/blogs.correiobraziliense.com.br\/lianasabo\/wp-json\/wp\/v2\/comments?post=8363"}],"version-history":[{"count":1,"href":"https:\/\/blogs.correiobraziliense.com.br\/lianasabo\/wp-json\/wp\/v2\/posts\/8363\/revisions"}],"predecessor-version":[{"id":8365,"href":"https:\/\/blogs.correiobraziliense.com.br\/lianasabo\/wp-json\/wp\/v2\/posts\/8363\/revisions\/8365"}],"wp:featuredmedia":[{"embeddable":true,"href":"https:\/\/blogs.correiobraziliense.com.br\/lianasabo\/wp-json\/wp\/v2\/media\/8364"}],"wp:attachment":[{"href":"https:\/\/blogs.correiobraziliense.com.br\/lianasabo\/wp-json\/wp\/v2\/media?parent=8363"}],"wp:term":[{"taxonomy":"category","embeddable":true,"href":"https:\/\/blogs.correiobraziliense.com.br\/lianasabo\/wp-json\/wp\/v2\/categories?post=8363"},{"taxonomy":"post_tag","embeddable":true,"href":"https:\/\/blogs.correiobraziliense.com.br\/lianasabo\/wp-json\/wp\/v2\/tags?post=8363"}],"curies":[{"name":"wp","href":"https:\/\/api.w.org\/{rel}","templated":true}]}}