{"id":8358,"date":"2024-05-24T06:26:48","date_gmt":"2024-05-24T09:26:48","guid":{"rendered":"https:\/\/blogs.correiobraziliense.com.br\/lianasabo\/?p=8358"},"modified":"2024-05-24T15:30:23","modified_gmt":"2024-05-24T18:30:23","slug":"gout-de-france-se-inspira-nos-jogos-olimpicos-de-paris","status":"publish","type":"post","link":"https:\/\/blogs.correiobraziliense.com.br\/lianasabo\/gout-de-france-se-inspira-nos-jogos-olimpicos-de-paris\/","title":{"rendered":"Go\u00fbt de France se inspira nos Jogos Ol\u00edmpicos de Paris"},"content":{"rendered":"<p><em>O evento ser\u00e1 realizado de 1\u00ba a 15 de junho em Bras\u00edlia<\/em><\/p>\n<p>O m\u00eas de junho \u2013 de primeiro a 15 &#8211; vai trazer de volta um dos eventos mais importantes da cena gastron\u00f4mica brasileira, que \u00e9 o Go\u00fbt de France, com o tema Esporte e Gastronomia, inspirado nos Jogos Ol\u00edmpicos de Paris, a serem realizados de 26 de julho a 11 de agosto. J\u00e1 est\u00e3o confirmadas 26 grifes brasilienses na maratona do sabor, que permitir\u00e1 aos chefs locais um encontro pra l\u00e1 de especial com o renomado chef franc\u00eas Erick Jacquin, que h\u00e1 30 anos escolheu viver no Brasil.<\/p>\n<p>Al\u00e9m de Bras\u00edlia, outras cinco capitais participam este ano da s\u00e9tima edi\u00e7\u00e3o: Belo Horizonte, Goi\u00e2nia, Recife, Rio de Janeiro e S\u00e3o Paulo e duas cidades goianas Vila de S\u00e3o Jorge e Alto Para\u00edso, no cora\u00e7\u00e3o da Chapada dos Veadeiros. N\u00e3o h\u00e1 um valor \u00fanico para os menus. Cada estabelecimento dita o pre\u00e7o em fun\u00e7\u00e3o do que ser\u00e1 oferecido na refei\u00e7\u00e3o servida em tr\u00eas etapas: entrada, prato principal e sobremesa, elaboradas com ingredientes de primeira qualidade, levando em conta a sustentabilidade.<\/p>\n","protected":false},"excerpt":{"rendered":"<p>Nova edi\u00e7\u00e3o ser\u00e1 realizada entre 26 de julho e 11 de agosto em Bras\u00edlia e outras cinco capitais<\/p>\n","protected":false},"author":54,"featured_media":3879,"comment_status":"open","ping_status":"open","sticky":false,"template":"","format":"standard","meta":{"footnotes":""},"categories":[486],"tags":[264],"class_list":["post-8358","post","type-post","status-publish","format-standard","has-post-thumbnail","hentry","category-evento","tag-gout-de-france"],"_links":{"self":[{"href":"https:\/\/blogs.correiobraziliense.com.br\/lianasabo\/wp-json\/wp\/v2\/posts\/8358","targetHints":{"allow":["GET"]}}],"collection":[{"href":"https:\/\/blogs.correiobraziliense.com.br\/lianasabo\/wp-json\/wp\/v2\/posts"}],"about":[{"href":"https:\/\/blogs.correiobraziliense.com.br\/lianasabo\/wp-json\/wp\/v2\/types\/post"}],"author":[{"embeddable":true,"href":"https:\/\/blogs.correiobraziliense.com.br\/lianasabo\/wp-json\/wp\/v2\/users\/54"}],"replies":[{"embeddable":true,"href":"https:\/\/blogs.correiobraziliense.com.br\/lianasabo\/wp-json\/wp\/v2\/comments?post=8358"}],"version-history":[{"count":3,"href":"https:\/\/blogs.correiobraziliense.com.br\/lianasabo\/wp-json\/wp\/v2\/posts\/8358\/revisions"}],"predecessor-version":[{"id":8361,"href":"https:\/\/blogs.correiobraziliense.com.br\/lianasabo\/wp-json\/wp\/v2\/posts\/8358\/revisions\/8361"}],"wp:featuredmedia":[{"embeddable":true,"href":"https:\/\/blogs.correiobraziliense.com.br\/lianasabo\/wp-json\/wp\/v2\/media\/3879"}],"wp:attachment":[{"href":"https:\/\/blogs.correiobraziliense.com.br\/lianasabo\/wp-json\/wp\/v2\/media?parent=8358"}],"wp:term":[{"taxonomy":"category","embeddable":true,"href":"https:\/\/blogs.correiobraziliense.com.br\/lianasabo\/wp-json\/wp\/v2\/categories?post=8358"},{"taxonomy":"post_tag","embeddable":true,"href":"https:\/\/blogs.correiobraziliense.com.br\/lianasabo\/wp-json\/wp\/v2\/tags?post=8358"}],"curies":[{"name":"wp","href":"https:\/\/api.w.org\/{rel}","templated":true}]}}