{"id":8355,"date":"2024-05-24T01:21:37","date_gmt":"2024-05-24T04:21:37","guid":{"rendered":"https:\/\/blogs.correiobraziliense.com.br\/lianasabo\/?p=8355"},"modified":"2024-05-23T22:26:08","modified_gmt":"2024-05-24T01:26:08","slug":"hamburguer-e-cachaca-sao-celebrados-em-festivais-em-brasilia","status":"publish","type":"post","link":"https:\/\/blogs.correiobraziliense.com.br\/lianasabo\/hamburguer-e-cachaca-sao-celebrados-em-festivais-em-brasilia\/","title":{"rendered":"Hamburguer e cacha\u00e7a s\u00e3o celebrados em festivais em Bras\u00edlia"},"content":{"rendered":"<p>Nem s\u00f3 de alta gastronomia vivem os festivais. Sandu\u00edches e at\u00e9 cacha\u00e7a movimentam o consumo esta semana. No Man\u00e9 Mercado, come\u00e7ou quarta-feira e vai at\u00e9 domingo a primeira edi\u00e7\u00e3o do Festival de Cacha\u00e7a, que re\u00fane expositores dos principais r\u00f3tulos do produto, al\u00e9m de m\u00fasica. Destaque para a Gastrozinha, de Raquel Amaral, que \u00e9 a primeira cacha\u00e7a assinada por uma chef.<\/p>\n<p>No universo fast food, a estrela \u00e9 o hamburguer que tem um festival para chamar de seu. Durante um m\u00eas, de 23 de maio a 23 de junho, 30 endere\u00e7os da cidade participam do 2\u00ba Festival Burger Gourmet em duas faixas de pre\u00e7o: R$ 39,90, tradicional e R$ 49,90, plus. Informa\u00e7\u00f5es: <a href=\"https:\/\/www.instagram.com\/burgergourmetbrasil\/\">@burgergourmetbrasil<\/a> e (61) 99802-5867.<\/p>\n","protected":false},"excerpt":{"rendered":"<p>Nem s\u00f3 de alta gastronomia vivem os festivais. Sandu\u00edches e at\u00e9 cacha\u00e7a movimentam o consumo esta semana. No Man\u00e9 Mercado, come\u00e7ou quarta-feira e vai at\u00e9 domingo a primeira edi\u00e7\u00e3o do Festival de Cacha\u00e7a, que re\u00fane expositores dos principais r\u00f3tulos do produto, al\u00e9m de m\u00fasica. Destaque para a Gastrozinha, de Raquel Amaral, que \u00e9 a primeira cacha\u00e7a assinada por uma chef. [&hellip;]<\/p>\n","protected":false},"author":54,"featured_media":8356,"comment_status":"open","ping_status":"open","sticky":false,"template":"","format":"standard","meta":{"footnotes":""},"categories":[426],"tags":[],"class_list":["post-8355","post","type-post","status-publish","format-standard","has-post-thumbnail","hentry","category-festival-gastronomico"],"_links":{"self":[{"href":"https:\/\/blogs.correiobraziliense.com.br\/lianasabo\/wp-json\/wp\/v2\/posts\/8355","targetHints":{"allow":["GET"]}}],"collection":[{"href":"https:\/\/blogs.correiobraziliense.com.br\/lianasabo\/wp-json\/wp\/v2\/posts"}],"about":[{"href":"https:\/\/blogs.correiobraziliense.com.br\/lianasabo\/wp-json\/wp\/v2\/types\/post"}],"author":[{"embeddable":true,"href":"https:\/\/blogs.correiobraziliense.com.br\/lianasabo\/wp-json\/wp\/v2\/users\/54"}],"replies":[{"embeddable":true,"href":"https:\/\/blogs.correiobraziliense.com.br\/lianasabo\/wp-json\/wp\/v2\/comments?post=8355"}],"version-history":[{"count":1,"href":"https:\/\/blogs.correiobraziliense.com.br\/lianasabo\/wp-json\/wp\/v2\/posts\/8355\/revisions"}],"predecessor-version":[{"id":8357,"href":"https:\/\/blogs.correiobraziliense.com.br\/lianasabo\/wp-json\/wp\/v2\/posts\/8355\/revisions\/8357"}],"wp:featuredmedia":[{"embeddable":true,"href":"https:\/\/blogs.correiobraziliense.com.br\/lianasabo\/wp-json\/wp\/v2\/media\/8356"}],"wp:attachment":[{"href":"https:\/\/blogs.correiobraziliense.com.br\/lianasabo\/wp-json\/wp\/v2\/media?parent=8355"}],"wp:term":[{"taxonomy":"category","embeddable":true,"href":"https:\/\/blogs.correiobraziliense.com.br\/lianasabo\/wp-json\/wp\/v2\/categories?post=8355"},{"taxonomy":"post_tag","embeddable":true,"href":"https:\/\/blogs.correiobraziliense.com.br\/lianasabo\/wp-json\/wp\/v2\/tags?post=8355"}],"curies":[{"name":"wp","href":"https:\/\/api.w.org\/{rel}","templated":true}]}}