{"id":8347,"date":"2024-05-24T06:13:08","date_gmt":"2024-05-24T09:13:08","guid":{"rendered":"https:\/\/blogs.correiobraziliense.com.br\/lianasabo\/?p=8347"},"modified":"2024-05-23T22:17:45","modified_gmt":"2024-05-24T01:17:45","slug":"comprevinhogaucho-iniciativas-fazem-promocoes-para-estimular-compra-da-bebida-do-sul","status":"publish","type":"post","link":"https:\/\/blogs.correiobraziliense.com.br\/lianasabo\/comprevinhogaucho-iniciativas-fazem-promocoes-para-estimular-compra-da-bebida-do-sul\/","title":{"rendered":"#comprevinhoga\u00facho: Iniciativas fazem promo\u00e7\u00f5es para estimular compra da bebida do Sul"},"content":{"rendered":"<p>Assim como o jogo de futebol no Maracan\u00e3 neste domingo para ajudar o Rio Grande do Sul, h\u00e1 in\u00fameras iniciativas em diversas \u00e1reas destinadas a socorrer os desvalidos da trag\u00e9dia ga\u00facha. Respons\u00e1vel por quase 90% da produ\u00e7\u00e3o do vinho brasileiro, o estado recebe agora aten\u00e7\u00e3o especial para o setor.<\/p>\n<p>Est\u00e1 em curso a campanha #comprevinhoga\u00facho, que conecta regi\u00f5es afetadas, especialmente no Vale dos Vinhedos, com consumidores de outros estados. O objetivo \u00e9 levantar recursos tanto para a reconstru\u00e7\u00e3o de \u00e1reas destru\u00eddas pelas chuvas, como ajudar na manuten\u00e7\u00e3o de empregos e de todo o setor.<\/p>\n<figure id=\"attachment_8349\" aria-describedby=\"caption-attachment-8349\" style=\"width: 800px\" class=\"wp-caption aligncenter\"><a href=\"https:\/\/blogs.correiobraziliense.com.br\/lianasabo\/wp-content\/uploads\/sites\/25\/2024\/05\/WhatsApp-Image-2024-05-23-at-16.30.19-2.jpeg\"><img loading=\"lazy\" decoding=\"async\" class=\"size-full wp-image-8349\" src=\"https:\/\/blogs.correiobraziliense.com.br\/lianasabo\/wp-content\/uploads\/sites\/25\/2024\/05\/WhatsApp-Image-2024-05-23-at-16.30.19-2.jpeg\" alt=\"\" width=\"800\" height=\"600\" srcset=\"https:\/\/blogs.correiobraziliense.com.br\/lianasabo\/wp-content\/uploads\/sites\/25\/2024\/05\/WhatsApp-Image-2024-05-23-at-16.30.19-2.jpeg 800w, https:\/\/blogs.correiobraziliense.com.br\/lianasabo\/wp-content\/uploads\/sites\/25\/2024\/05\/WhatsApp-Image-2024-05-23-at-16.30.19-2-300x225.jpeg 300w, https:\/\/blogs.correiobraziliense.com.br\/lianasabo\/wp-content\/uploads\/sites\/25\/2024\/05\/WhatsApp-Image-2024-05-23-at-16.30.19-2-768x576.jpeg 768w, https:\/\/blogs.correiobraziliense.com.br\/lianasabo\/wp-content\/uploads\/sites\/25\/2024\/05\/WhatsApp-Image-2024-05-23-at-16.30.19-2-550x413.jpeg 550w, https:\/\/blogs.correiobraziliense.com.br\/lianasabo\/wp-content\/uploads\/sites\/25\/2024\/05\/WhatsApp-Image-2024-05-23-at-16.30.19-2-230x173.jpeg 230w\" sizes=\"auto, (max-width: 800px) 100vw, 800px\" \/><\/a><figcaption id=\"caption-attachment-8349\" class=\"wp-caption-text\">Cr\u00e9dito: A Garrafeira\/divulga\u00e7\u00e3o<\/figcaption><\/figure>\n<p>Lojas de vinho da cidade, como A Garrafeira e Rota do Vinho, est\u00e3o dando desconto na compra de r\u00f3tulos ga\u00fachos, al\u00e9m de restaurantes envolvidos na promo\u00e7\u00e3o da bebida. A 31\u00aa Expotch\u00ea, prevista para os dias 7 a 16 de junho, pretende ser um \u201cponto de mobiliza\u00e7\u00e3o e apoio para as doa\u00e7\u00f5es que tem sido fundamentais para a recupera\u00e7\u00e3o do estado\u201d, afirma a diretoria da Rome Eventos, respons\u00e1vel pela feira.<\/p>\n","protected":false},"excerpt":{"rendered":"<p>#comprevinhoga\u00facho: Iniciativas fazem promo\u00e7\u00f5es para estimular compra da bebida do Sul<\/p>\n","protected":false},"author":54,"featured_media":8348,"comment_status":"open","ping_status":"open","sticky":false,"template":"","format":"standard","meta":{"footnotes":""},"categories":[222],"tags":[1086,92],"class_list":["post-8347","post","type-post","status-publish","format-standard","has-post-thumbnail","hentry","category-vinhos","tag-sul","tag-vinho"],"_links":{"self":[{"href":"https:\/\/blogs.correiobraziliense.com.br\/lianasabo\/wp-json\/wp\/v2\/posts\/8347","targetHints":{"allow":["GET"]}}],"collection":[{"href":"https:\/\/blogs.correiobraziliense.com.br\/lianasabo\/wp-json\/wp\/v2\/posts"}],"about":[{"href":"https:\/\/blogs.correiobraziliense.com.br\/lianasabo\/wp-json\/wp\/v2\/types\/post"}],"author":[{"embeddable":true,"href":"https:\/\/blogs.correiobraziliense.com.br\/lianasabo\/wp-json\/wp\/v2\/users\/54"}],"replies":[{"embeddable":true,"href":"https:\/\/blogs.correiobraziliense.com.br\/lianasabo\/wp-json\/wp\/v2\/comments?post=8347"}],"version-history":[{"count":1,"href":"https:\/\/blogs.correiobraziliense.com.br\/lianasabo\/wp-json\/wp\/v2\/posts\/8347\/revisions"}],"predecessor-version":[{"id":8350,"href":"https:\/\/blogs.correiobraziliense.com.br\/lianasabo\/wp-json\/wp\/v2\/posts\/8347\/revisions\/8350"}],"wp:featuredmedia":[{"embeddable":true,"href":"https:\/\/blogs.correiobraziliense.com.br\/lianasabo\/wp-json\/wp\/v2\/media\/8348"}],"wp:attachment":[{"href":"https:\/\/blogs.correiobraziliense.com.br\/lianasabo\/wp-json\/wp\/v2\/media?parent=8347"}],"wp:term":[{"taxonomy":"category","embeddable":true,"href":"https:\/\/blogs.correiobraziliense.com.br\/lianasabo\/wp-json\/wp\/v2\/categories?post=8347"},{"taxonomy":"post_tag","embeddable":true,"href":"https:\/\/blogs.correiobraziliense.com.br\/lianasabo\/wp-json\/wp\/v2\/tags?post=8347"}],"curies":[{"name":"wp","href":"https:\/\/api.w.org\/{rel}","templated":true}]}}