{"id":8334,"date":"2024-05-22T15:18:35","date_gmt":"2024-05-22T18:18:35","guid":{"rendered":"https:\/\/blogs.correiobraziliense.com.br\/lianasabo\/?p=8334"},"modified":"2024-05-22T15:19:35","modified_gmt":"2024-05-22T18:19:35","slug":"brasilia-recebe-a-quarta-edicao-da-casa-chandon","status":"publish","type":"post","link":"https:\/\/blogs.correiobraziliense.com.br\/lianasabo\/brasilia-recebe-a-quarta-edicao-da-casa-chandon\/","title":{"rendered":"Bras\u00edlia recebe a quarta edi\u00e7\u00e3o da Casa Chandon"},"content":{"rendered":"<p><em>A nova temporada ter\u00e1 toda a renda gerada doada para entidades que apoiam as v\u00edtimas das enchentes do Rio Grande do Sul. O evento segue at\u00e9 o dia 25, no Park Way<\/em><\/p>\n<p>No \u00faltimo dia 18, a Casa Chandon desembarcou em Bras\u00edlia, onde segue at\u00e9 25 de maio em estrutura montada na Pat\u00fa An\u00fa (SMPW Quadra 15 conjunto 06 lote 10), no Setor de Mans\u00f5es do Park Way. Em sua quarta edi\u00e7\u00e3o no Brasil, o evento \u00e9 promovido pela rede de vin\u00edcolas especializada em espumantes com o objetivo de promover uma imers\u00e3o nos 50 anos de hist\u00f3ria da marca.<\/p>\n<p>Degusta\u00e7\u00f5es, talks shows e apresenta\u00e7\u00f5es musicais fazem parte da programa\u00e7\u00e3o que poder\u00e1 ser conferida pelos visitantes por meio de um tour guiado. Est\u00e3o confirmadas experi\u00eancias com os chefs Ivana Gasparotto e Igor Castro, respons\u00e1veis pelos almo\u00e7os e jantares harmonizados, e os shows dos artistas locais Dhi Ribeiro, Marcelo Caf\u00e9, DJ Ana Chris e Cabra Guaran\u00e1.<\/p>\n<figure id=\"attachment_8336\" aria-describedby=\"caption-attachment-8336\" style=\"width: 800px\" class=\"wp-caption aligncenter\"><a href=\"https:\/\/blogs.correiobraziliense.com.br\/lianasabo\/wp-content\/uploads\/sites\/25\/2024\/05\/unnamed-3.jpg\"><img loading=\"lazy\" decoding=\"async\" class=\"size-full wp-image-8336\" src=\"https:\/\/blogs.correiobraziliense.com.br\/lianasabo\/wp-content\/uploads\/sites\/25\/2024\/05\/unnamed-3.jpg\" alt=\"\" width=\"800\" height=\"533\" srcset=\"https:\/\/blogs.correiobraziliense.com.br\/lianasabo\/wp-content\/uploads\/sites\/25\/2024\/05\/unnamed-3.jpg 800w, https:\/\/blogs.correiobraziliense.com.br\/lianasabo\/wp-content\/uploads\/sites\/25\/2024\/05\/unnamed-3-300x200.jpg 300w, https:\/\/blogs.correiobraziliense.com.br\/lianasabo\/wp-content\/uploads\/sites\/25\/2024\/05\/unnamed-3-768x512.jpg 768w, https:\/\/blogs.correiobraziliense.com.br\/lianasabo\/wp-content\/uploads\/sites\/25\/2024\/05\/unnamed-3-550x366.jpg 550w, https:\/\/blogs.correiobraziliense.com.br\/lianasabo\/wp-content\/uploads\/sites\/25\/2024\/05\/unnamed-3-230x153.jpg 230w\" sizes=\"auto, (max-width: 800px) 100vw, 800px\" \/><\/a><figcaption id=\"caption-attachment-8336\" class=\"wp-caption-text\">Cr\u00e9dito: Casa Chandon Bras\u00edlia\/Divulga\u00e7\u00e3o<\/figcaption><\/figure>\n<p>Uma loja pop-up tamb\u00e9m integra a estrutura do evento. L\u00e1, os visitantes poder\u00e3o conferir uma sele\u00e7\u00e3o de itens como espumantes, ta\u00e7as, cangas, cadernos, bag t\u00e9rmica e o famoso Chap\u00e9u de Buti\u00e1, confeccionado com folhas secas das \u00e1rvores de buti\u00e1s do Rio Grande do Sul.<\/p>\n<p>Ingressos a R$ 250 (por dia), \u00e0 venda no site <a href=\"https:\/\/www.chandon.com.br\/casa-chandon\">https:\/\/www.chandon.com.br\/casa-chandon<\/a>. Toda a renda gerada com a Casa Chandon Bras\u00edlia ser\u00e1 doada a entidades parceiras que apoiam as v\u00edtimas das enchentes no Rio Grande do Sul. Os visitantes tamb\u00e9m ficam convidados a doar 1kg de alimento n\u00e3o perec\u00edvel.<\/p>\n<p>A Chandon \u00e9 a primeira vin\u00edcola no Brasil especializada em espumantes e certificada pela elabora\u00e7\u00e3o sustent\u00e1vel. A marca chegou ao pa\u00eds em 1973 e, desde ent\u00e3o, cultiva as uvas na Serra Ga\u00facha.<\/p>\n<p><strong>SERVI\u00c7O<\/strong><br \/>\n<strong>Casa Chandon Bras\u00edlia<\/strong><br \/>\nDe 18 a 25 de maio de 2024, das 11h \u00e0s 22h, no Pat\u00fa An\u00fa (SMPW Quadra 15 conjunto 06 lote 10 &#8211; Setor de Mans\u00f5es do Park Way). Com capacidade para 250 pessoas por dia, com 6 grupos de 10 pessoas. Ingresso a R$ 250.<\/p>\n","protected":false},"excerpt":{"rendered":"<p>A nova edi\u00e7\u00e3o ter\u00e1 toda a renda gerada doada para entidades que apoiam as v\u00edtimas das enchentes do Rio Grande do Sul. O evento segue at\u00e9 o dia 25, no Park Way<\/p>\n","protected":false},"author":54,"featured_media":8335,"comment_status":"open","ping_status":"open","sticky":false,"template":"","format":"standard","meta":{"footnotes":""},"categories":[222],"tags":[1081,87],"class_list":["post-8334","post","type-post","status-publish","format-standard","has-post-thumbnail","hentry","category-vinhos","tag-casa-chandon-brasilia","tag-espumante"],"_links":{"self":[{"href":"https:\/\/blogs.correiobraziliense.com.br\/lianasabo\/wp-json\/wp\/v2\/posts\/8334","targetHints":{"allow":["GET"]}}],"collection":[{"href":"https:\/\/blogs.correiobraziliense.com.br\/lianasabo\/wp-json\/wp\/v2\/posts"}],"about":[{"href":"https:\/\/blogs.correiobraziliense.com.br\/lianasabo\/wp-json\/wp\/v2\/types\/post"}],"author":[{"embeddable":true,"href":"https:\/\/blogs.correiobraziliense.com.br\/lianasabo\/wp-json\/wp\/v2\/users\/54"}],"replies":[{"embeddable":true,"href":"https:\/\/blogs.correiobraziliense.com.br\/lianasabo\/wp-json\/wp\/v2\/comments?post=8334"}],"version-history":[{"count":2,"href":"https:\/\/blogs.correiobraziliense.com.br\/lianasabo\/wp-json\/wp\/v2\/posts\/8334\/revisions"}],"predecessor-version":[{"id":8338,"href":"https:\/\/blogs.correiobraziliense.com.br\/lianasabo\/wp-json\/wp\/v2\/posts\/8334\/revisions\/8338"}],"wp:featuredmedia":[{"embeddable":true,"href":"https:\/\/blogs.correiobraziliense.com.br\/lianasabo\/wp-json\/wp\/v2\/media\/8335"}],"wp:attachment":[{"href":"https:\/\/blogs.correiobraziliense.com.br\/lianasabo\/wp-json\/wp\/v2\/media?parent=8334"}],"wp:term":[{"taxonomy":"category","embeddable":true,"href":"https:\/\/blogs.correiobraziliense.com.br\/lianasabo\/wp-json\/wp\/v2\/categories?post=8334"},{"taxonomy":"post_tag","embeddable":true,"href":"https:\/\/blogs.correiobraziliense.com.br\/lianasabo\/wp-json\/wp\/v2\/tags?post=8334"}],"curies":[{"name":"wp","href":"https:\/\/api.w.org\/{rel}","templated":true}]}}