{"id":8329,"date":"2024-05-20T19:49:46","date_gmt":"2024-05-20T22:49:46","guid":{"rendered":"https:\/\/blogs.correiobraziliense.com.br\/lianasabo\/?p=8329"},"modified":"2024-05-20T19:49:46","modified_gmt":"2024-05-20T22:49:46","slug":"crescimento-do-cenario-enogastronomico-do-df-coloca-a-cidade-no-circuito-de-importante-evento-italiano","status":"publish","type":"post","link":"https:\/\/blogs.correiobraziliense.com.br\/lianasabo\/crescimento-do-cenario-enogastronomico-do-df-coloca-a-cidade-no-circuito-de-importante-evento-italiano\/","title":{"rendered":"Crescimento do cen\u00e1rio enogastron\u00f4mico do DF coloca a cidade no circuito de importante evento italiano"},"content":{"rendered":"<p>O mercado de vinhos est\u00e1 em constante expans\u00e3o no Distrito Federal. Ao mesmo tempo que a capital se coloca no cen\u00e1rio produzindo a bebida, criando a Rota das Uvas e lan\u00e7ando o empreendimento Vin\u00edcola Bras\u00edlia, a cidade est\u00e1 entre as maiores consumidoras de garrafas do pa\u00eds. Segundo a Associa\u00e7\u00e3o Brasileira de Sommeliers do Distrito Federal (ABS\/DF), o volume coloca Bras\u00edlia na terceira posi\u00e7\u00e3o.<\/p>\n<p>Esse positivo cen\u00e1rio faz com que a cidade apare\u00e7a no circuito dos eventos tem\u00e1ticos internacionais. Pela primeira vez, a cidade recebe o I Love Italian Wines, que apresenta o melhor da produ\u00e7\u00e3o italiana. O encontro ser\u00e1 realizado no Brasil com passagem por tr\u00eas cidades onde ser\u00e3o ministradas masterclasses e realizados coquet\u00e9is para imprensa e representantes do mercado que garantiram a participa\u00e7\u00e3o nas limitadas vagas que foram abertas gratuitamente no site oficial do evento: <a href=\"https:\/\/italianwines.com.br\/\">https:\/\/italianwines.com.br\/<\/a>.<\/p>\n<p><a href=\"https:\/\/blogs.correiobraziliense.com.br\/lianasabo\/wp-content\/uploads\/sites\/25\/2024\/05\/WhatsApp-Image-2024-05-19-at-18.48.47.jpeg\"><img loading=\"lazy\" decoding=\"async\" class=\"alignleft size-medium wp-image-8331\" src=\"https:\/\/blogs.correiobraziliense.com.br\/lianasabo\/wp-content\/uploads\/sites\/25\/2024\/05\/WhatsApp-Image-2024-05-19-at-18.48.47-300x292.jpeg\" alt=\"\" width=\"300\" height=\"292\" srcset=\"https:\/\/blogs.correiobraziliense.com.br\/lianasabo\/wp-content\/uploads\/sites\/25\/2024\/05\/WhatsApp-Image-2024-05-19-at-18.48.47-300x292.jpeg 300w, https:\/\/blogs.correiobraziliense.com.br\/lianasabo\/wp-content\/uploads\/sites\/25\/2024\/05\/WhatsApp-Image-2024-05-19-at-18.48.47-768x747.jpeg 768w, https:\/\/blogs.correiobraziliense.com.br\/lianasabo\/wp-content\/uploads\/sites\/25\/2024\/05\/WhatsApp-Image-2024-05-19-at-18.48.47.jpeg 800w, https:\/\/blogs.correiobraziliense.com.br\/lianasabo\/wp-content\/uploads\/sites\/25\/2024\/05\/WhatsApp-Image-2024-05-19-at-18.48.47-550x535.jpeg 550w, https:\/\/blogs.correiobraziliense.com.br\/lianasabo\/wp-content\/uploads\/sites\/25\/2024\/05\/WhatsApp-Image-2024-05-19-at-18.48.47-230x224.jpeg 230w\" sizes=\"auto, (max-width: 300px) 100vw, 300px\" \/><\/a><\/p>\n<p>O lan\u00e7amento ser\u00e1 nesta segunda-feira (20) no Rio de Janeiro. No dia 22 o evento desembarca em S\u00e3o Paulo. O encerramento da programa\u00e7\u00e3o ser\u00e1 em Bras\u00edlia na sexta-feira (24), das 14h \u00e0s 18h, na sede da Embaixada da It\u00e1lia.<\/p>\n<p>\u201cA produ\u00e7\u00e3o de vinhos italianos \u00e9 uma das mais valorizadas no mercado internacional e, sem d\u00favida, sua qualidade \u00e9 inquestion\u00e1vel. Tenho convic\u00e7\u00e3o que essas a\u00e7\u00f5es s\u00e3o fundamentais para a promo\u00e7\u00e3o e comercializa\u00e7\u00e3o do vinho italiano no Brasil\u201d, ressalta Sueli Maestri, especialista em organiza\u00e7\u00e3o de feiras de degusta\u00e7\u00f5es de vinhos italianos.<\/p>\n<p><strong>R\u00f3tulos selecionados<\/strong><\/p>\n<p>Em Bras\u00edlia, o sommelier Diego Arrebola ministrar\u00e1 o workshop em que os participantes poder\u00e3o fazer uma viagem pela produ\u00e7\u00e3o vitivin\u00edcola italiana. Ser\u00e3o apresentados 15 r\u00f3tulos selecionados, entre eles o branco Laetitia feito 100% da uva Muller Thrugau 2021 (Cantina Fratelli Romanese), o espumante Nodens Extra Brut 2016 (DOCG Franciacorta Le Marchesine) e o tinto Grumarello Carmignano (DOCG Riserva).<\/p>\n<p>Respons\u00e1vel pelo masterclass, Diego Arrebola tem quase 20 anos de experi\u00eancia e conhecimento profundo na ind\u00fastria de vinhos. Ele \u00e9 o \u00fanico profissional brasileiro a ter vencido tr\u00eas vezes a competi\u00e7\u00e3o que elege o Melhor Sommelier Brasileiro e a possuir certifica\u00e7\u00e3o da ASI (Association de la Sommellerie Internationale). Tamb\u00e9m \u00e9 um educador credenciado pela WSE (Wine &amp; Spirit Education Trust).<\/p>\n<p>Estreante em Bras\u00edlia, o evento I Love Italian Wines teve passagens anteriores pelo Brasil, com realiza\u00e7\u00e3o duas vezes em S\u00e3o Paulo e uma no Rio de Janeiro. O encontro \u00e9 realizado pelo Minist\u00e9rio das Rela\u00e7\u00f5es Exteriores e dos Neg\u00f3cios Internacionais da It\u00e1lia (MAECI) e pela Italian Trade Agency (ITA), ag\u00eancia do governo italiano respons\u00e1vel por promover o interc\u00e2mbio comercial e tecnol\u00f3gico entre a It\u00e1lia e os demais pa\u00edses.<\/p>\n","protected":false},"excerpt":{"rendered":"<p>O mercado de vinhos est\u00e1 em constante expans\u00e3o no Distrito Federal. Ao mesmo tempo que a capital se coloca no cen\u00e1rio produzindo a bebida, criando a Rota das Uvas e lan\u00e7ando o empreendimento Vin\u00edcola Bras\u00edlia, a cidade est\u00e1 entre as maiores consumidoras de garrafas do pa\u00eds. Segundo a Associa\u00e7\u00e3o Brasileira de Sommeliers do Distrito Federal (ABS\/DF), o volume coloca Bras\u00edlia [&hellip;]<\/p>\n","protected":false},"author":54,"featured_media":8330,"comment_status":"open","ping_status":"open","sticky":false,"template":"","format":"standard","meta":{"footnotes":""},"categories":[222],"tags":[363,54,1079,1080,425],"class_list":["post-8329","post","type-post","status-publish","format-standard","has-post-thumbnail","hentry","category-vinhos","tag-evento","tag-festival","tag-i-love-italian-wines","tag-masteclass","tag-vinhos"],"_links":{"self":[{"href":"https:\/\/blogs.correiobraziliense.com.br\/lianasabo\/wp-json\/wp\/v2\/posts\/8329","targetHints":{"allow":["GET"]}}],"collection":[{"href":"https:\/\/blogs.correiobraziliense.com.br\/lianasabo\/wp-json\/wp\/v2\/posts"}],"about":[{"href":"https:\/\/blogs.correiobraziliense.com.br\/lianasabo\/wp-json\/wp\/v2\/types\/post"}],"author":[{"embeddable":true,"href":"https:\/\/blogs.correiobraziliense.com.br\/lianasabo\/wp-json\/wp\/v2\/users\/54"}],"replies":[{"embeddable":true,"href":"https:\/\/blogs.correiobraziliense.com.br\/lianasabo\/wp-json\/wp\/v2\/comments?post=8329"}],"version-history":[{"count":1,"href":"https:\/\/blogs.correiobraziliense.com.br\/lianasabo\/wp-json\/wp\/v2\/posts\/8329\/revisions"}],"predecessor-version":[{"id":8332,"href":"https:\/\/blogs.correiobraziliense.com.br\/lianasabo\/wp-json\/wp\/v2\/posts\/8329\/revisions\/8332"}],"wp:featuredmedia":[{"embeddable":true,"href":"https:\/\/blogs.correiobraziliense.com.br\/lianasabo\/wp-json\/wp\/v2\/media\/8330"}],"wp:attachment":[{"href":"https:\/\/blogs.correiobraziliense.com.br\/lianasabo\/wp-json\/wp\/v2\/media?parent=8329"}],"wp:term":[{"taxonomy":"category","embeddable":true,"href":"https:\/\/blogs.correiobraziliense.com.br\/lianasabo\/wp-json\/wp\/v2\/categories?post=8329"},{"taxonomy":"post_tag","embeddable":true,"href":"https:\/\/blogs.correiobraziliense.com.br\/lianasabo\/wp-json\/wp\/v2\/tags?post=8329"}],"curies":[{"name":"wp","href":"https:\/\/api.w.org\/{rel}","templated":true}]}}