{"id":8321,"date":"2024-05-16T15:47:47","date_gmt":"2024-05-16T18:47:47","guid":{"rendered":"https:\/\/blogs.correiobraziliense.com.br\/lianasabo\/?p=8321"},"modified":"2024-05-16T16:02:50","modified_gmt":"2024-05-16T19:02:50","slug":"pirenopolis-recebe-eventos-de-cerveja-e-vinho-nos-proximos-dias","status":"publish","type":"post","link":"https:\/\/blogs.correiobraziliense.com.br\/lianasabo\/pirenopolis-recebe-eventos-de-cerveja-e-vinho-nos-proximos-dias\/","title":{"rendered":"Piren\u00f3polis recebe eventos de cerveja e vinho nos pr\u00f3ximos dias"},"content":{"rendered":"<p><em>Em maio, o encontro cervejeiro PiriBier est\u00e1 de volta \u00e0 cidade, enquanto em junho ser\u00e1 a vez do Wine Jazz Piri<\/em><\/p>\n<figure id=\"attachment_8323\" aria-describedby=\"caption-attachment-8323\" style=\"width: 200px\" class=\"wp-caption alignleft\"><a href=\"https:\/\/blogs.correiobraziliense.com.br\/lianasabo\/wp-content\/uploads\/sites\/25\/2024\/05\/WhatsApp-Image-2024-05-15-at-11.24.08-1.jpeg\"><img loading=\"lazy\" decoding=\"async\" class=\"size-medium wp-image-8323\" src=\"https:\/\/blogs.correiobraziliense.com.br\/lianasabo\/wp-content\/uploads\/sites\/25\/2024\/05\/WhatsApp-Image-2024-05-15-at-11.24.08-1-200x300.jpeg\" alt=\"\" width=\"200\" height=\"300\" srcset=\"https:\/\/blogs.correiobraziliense.com.br\/lianasabo\/wp-content\/uploads\/sites\/25\/2024\/05\/WhatsApp-Image-2024-05-15-at-11.24.08-1-200x300.jpeg 200w, https:\/\/blogs.correiobraziliense.com.br\/lianasabo\/wp-content\/uploads\/sites\/25\/2024\/05\/WhatsApp-Image-2024-05-15-at-11.24.08-1-768x1151.jpeg 768w, https:\/\/blogs.correiobraziliense.com.br\/lianasabo\/wp-content\/uploads\/sites\/25\/2024\/05\/WhatsApp-Image-2024-05-15-at-11.24.08-1-683x1024.jpeg 683w, https:\/\/blogs.correiobraziliense.com.br\/lianasabo\/wp-content\/uploads\/sites\/25\/2024\/05\/WhatsApp-Image-2024-05-15-at-11.24.08-1.jpeg 800w, https:\/\/blogs.correiobraziliense.com.br\/lianasabo\/wp-content\/uploads\/sites\/25\/2024\/05\/WhatsApp-Image-2024-05-15-at-11.24.08-1-550x824.jpeg 550w, https:\/\/blogs.correiobraziliense.com.br\/lianasabo\/wp-content\/uploads\/sites\/25\/2024\/05\/WhatsApp-Image-2024-05-15-at-11.24.08-1-230x345.jpeg 230w\" sizes=\"auto, (max-width: 200px) 100vw, 200px\" \/><\/a><figcaption id=\"caption-attachment-8323\" class=\"wp-caption-text\">Cr\u00e9dito: PiriBier\/Divulga\u00e7\u00e3o<\/figcaption><\/figure>\n<p>A cidade de Piren\u00f3polis, em Goi\u00e1s, ser\u00e1 palco entre os meses de maio e junho de eventos voltados para a cultura da bebida. Em maio, o munic\u00edpio goiano recebe pela 15\u00aa edi\u00e7\u00e3o o PiriBier, enquanto no m\u00eas seguinte o evento Wine Jazz Piri volta para a segunda etapa.<\/p>\n<p>A nova edi\u00e7\u00e3o do PiriBier ser\u00e1 entre os dias 30 de maio e 1\u00ba de junho, durante o feriado de corpus christi. Realizado no Green Park Eventos, o festival ter\u00e1 a comercializa\u00e7\u00e3o de mais de 250 r\u00f3tulos de diferentes cervejas artesanais nacionais e internacionais, incluindo op\u00e7\u00f5es sem \u00e1lcool e sem gl\u00faten.<\/p>\n<p>\u201cO PiriBier tem um papel fundamental no mercado, que \u00e9 trazer a cerveja artesanal para um novo patamar de experi\u00eancias\u201d, ressalta um dos organizadores do festival, Raul de Oliveira. Para conseguir isso, o evento investe em atra\u00e7\u00f5es musicais, gastronomia e at\u00e9 espa\u00e7o com brinquedoteca para atender as fam\u00edlias.<\/p>\n<p>A grande atra\u00e7\u00e3o musical do PiriBier ser\u00e1 a cantora Pitty que se apresenta no s\u00e1bado (1\u00ba) com a turn\u00ea dos 20 anos do primeiro disco. A programa\u00e7\u00e3o inclui ainda Biquini na quinta-feira (30) e as bandas Cali e Raimundo que se apresentam na sexta-feira (31).<\/p>\n<p><a href=\"https:\/\/blogs.correiobraziliense.com.br\/lianasabo\/wp-content\/uploads\/sites\/25\/2024\/05\/WhatsApp-Image-2024-05-16-at-16.02.09.jpeg\"><img loading=\"lazy\" decoding=\"async\" class=\"alignright size-medium wp-image-8325\" src=\"https:\/\/blogs.correiobraziliense.com.br\/lianasabo\/wp-content\/uploads\/sites\/25\/2024\/05\/WhatsApp-Image-2024-05-16-at-16.02.09-254x300.jpeg\" alt=\"\" width=\"254\" height=\"300\" srcset=\"https:\/\/blogs.correiobraziliense.com.br\/lianasabo\/wp-content\/uploads\/sites\/25\/2024\/05\/WhatsApp-Image-2024-05-16-at-16.02.09-254x300.jpeg 254w, https:\/\/blogs.correiobraziliense.com.br\/lianasabo\/wp-content\/uploads\/sites\/25\/2024\/05\/WhatsApp-Image-2024-05-16-at-16.02.09-230x271.jpeg 230w, https:\/\/blogs.correiobraziliense.com.br\/lianasabo\/wp-content\/uploads\/sites\/25\/2024\/05\/WhatsApp-Image-2024-05-16-at-16.02.09.jpeg 455w\" sizes=\"auto, (max-width: 254px) 100vw, 254px\" \/><\/a><\/p>\n<p>\u201cAtrav\u00e9s dos shows, conseguimos cativar novos p\u00fablicos para o universo das cervejas artesanais, que vai muito al\u00e9m da bebida, envolve alta gastronomia e cultura como um todo\u201d, complementa Oliveira. Ingressos a partir de R$ 115. \u00c0 venda no site <a href=\"https:\/\/baladapp.com.br\/a\/piribier2024\/4302\">https:\/\/baladapp.com.br\/a\/piribier2024\/4302<\/a>.<\/p>\n<p>Pela segunda vez na cidade, o Wine Jazz desembarcar\u00e1 em Piri. Ser\u00e3o tr\u00eas dias de evento entre 20 e 23 de junho no Largo da Matriz, com programa\u00e7\u00e3o que abarcar\u00e1 degusta\u00e7\u00e3o, exposi\u00e7\u00e3o de produtos, jam session, palestras, gastronomia e concurso. A entrada \u00e9 gratuita para a maioria dos eventos.<\/p>\n","protected":false},"excerpt":{"rendered":"<p>Em maio, o encontro cervejeiro PiriBier est\u00e1 de volta \u00e0 cidade, enquanto em junho ser\u00e1 a vez do Wine Jazz Piri<\/p>\n","protected":false},"author":54,"featured_media":8322,"comment_status":"open","ping_status":"open","sticky":false,"template":"","format":"standard","meta":{"footnotes":""},"categories":[201],"tags":[1078,795],"class_list":["post-8321","post","type-post","status-publish","format-standard","has-post-thumbnail","hentry","category-festival","tag-piribier","tag-wine-jazz-piri"],"_links":{"self":[{"href":"https:\/\/blogs.correiobraziliense.com.br\/lianasabo\/wp-json\/wp\/v2\/posts\/8321","targetHints":{"allow":["GET"]}}],"collection":[{"href":"https:\/\/blogs.correiobraziliense.com.br\/lianasabo\/wp-json\/wp\/v2\/posts"}],"about":[{"href":"https:\/\/blogs.correiobraziliense.com.br\/lianasabo\/wp-json\/wp\/v2\/types\/post"}],"author":[{"embeddable":true,"href":"https:\/\/blogs.correiobraziliense.com.br\/lianasabo\/wp-json\/wp\/v2\/users\/54"}],"replies":[{"embeddable":true,"href":"https:\/\/blogs.correiobraziliense.com.br\/lianasabo\/wp-json\/wp\/v2\/comments?post=8321"}],"version-history":[{"count":2,"href":"https:\/\/blogs.correiobraziliense.com.br\/lianasabo\/wp-json\/wp\/v2\/posts\/8321\/revisions"}],"predecessor-version":[{"id":8326,"href":"https:\/\/blogs.correiobraziliense.com.br\/lianasabo\/wp-json\/wp\/v2\/posts\/8321\/revisions\/8326"}],"wp:featuredmedia":[{"embeddable":true,"href":"https:\/\/blogs.correiobraziliense.com.br\/lianasabo\/wp-json\/wp\/v2\/media\/8322"}],"wp:attachment":[{"href":"https:\/\/blogs.correiobraziliense.com.br\/lianasabo\/wp-json\/wp\/v2\/media?parent=8321"}],"wp:term":[{"taxonomy":"category","embeddable":true,"href":"https:\/\/blogs.correiobraziliense.com.br\/lianasabo\/wp-json\/wp\/v2\/categories?post=8321"},{"taxonomy":"post_tag","embeddable":true,"href":"https:\/\/blogs.correiobraziliense.com.br\/lianasabo\/wp-json\/wp\/v2\/tags?post=8321"}],"curies":[{"name":"wp","href":"https:\/\/api.w.org\/{rel}","templated":true}]}}