{"id":832,"date":"2016-12-16T08:10:40","date_gmt":"2016-12-16T10:10:40","guid":{"rendered":"https:\/\/blogs.correiobraziliense.com.br\/lianasabo\/?p=832"},"modified":"2016-12-15T18:20:35","modified_gmt":"2016-12-15T20:20:35","slug":"ceia-de-reveillon-no-aquavit","status":"publish","type":"post","link":"https:\/\/blogs.correiobraziliense.com.br\/lianasabo\/ceia-de-reveillon-no-aquavit\/","title":{"rendered":"Ceia de r\u00e9veillon no Aquavit"},"content":{"rendered":"<figure id=\"attachment_840\" aria-describedby=\"caption-attachment-840\" style=\"width: 300px\" class=\"wp-caption aligncenter\"><a href=\"https:\/\/blogs.correiobraziliense.com.br\/lianasabo\/wp-content\/uploads\/sites\/25\/2016\/12\/CBNFOT210620161029.jpg\" rel=\"attachment wp-att-840\"><img loading=\"lazy\" decoding=\"async\" class=\"size-medium wp-image-840\" src=\"https:\/\/blogs.correiobraziliense.com.br\/lianasabo\/wp-content\/uploads\/sites\/25\/2016\/12\/CBNFOT210620161029-300x200.jpg\" alt=\"Chef Simon Lau\" width=\"300\" height=\"200\" srcset=\"https:\/\/blogs.correiobraziliense.com.br\/lianasabo\/wp-content\/uploads\/sites\/25\/2016\/12\/CBNFOT210620161029-300x200.jpg 300w, https:\/\/blogs.correiobraziliense.com.br\/lianasabo\/wp-content\/uploads\/sites\/25\/2016\/12\/CBNFOT210620161029-768x512.jpg 768w, https:\/\/blogs.correiobraziliense.com.br\/lianasabo\/wp-content\/uploads\/sites\/25\/2016\/12\/CBNFOT210620161029-550x366.jpg 550w, https:\/\/blogs.correiobraziliense.com.br\/lianasabo\/wp-content\/uploads\/sites\/25\/2016\/12\/CBNFOT210620161029-230x153.jpg 230w, https:\/\/blogs.correiobraziliense.com.br\/lianasabo\/wp-content\/uploads\/sites\/25\/2016\/12\/CBNFOT210620161029.jpg 800w\" sizes=\"auto, (max-width: 300px) 100vw, 300px\" \/><\/a><figcaption id=\"caption-attachment-840\" class=\"wp-caption-text\">Chef Simon Lau<\/figcaption><\/figure>\n<p>Aquavit vai celebrar r\u00e9veillon em grande estilo com menu digno de pr\u00edncipes, como ostras, trufas, caranguejo real, ovas de salm\u00e3o, terrine de foie gras e tournedos, tutano e molho bordal\u00eas, al\u00e9m de sobremesa harmonizados com grandes vinhos por R$ 720 ou R$ 520 (sem vinho). <a href=\"mailto:Reservas@restauranteaquavit.com\">Reservas@restauranteaquavit.com<\/a><\/p>\n","protected":false},"excerpt":{"rendered":"<p>Aquavit vai celebrar r\u00e9veillon em grande estilo com menu digno de pr\u00edncipes, como ostras, trufas, caranguejo real, ovas de salm\u00e3o, terrine de foie gras e tournedos, tutano e molho bordal\u00eas, al\u00e9m de sobremesa harmonizados com grandes vinhos por R$ 720 ou R$ 520 (sem vinho). Reservas@restauranteaquavit.com<\/p>\n","protected":false},"author":54,"featured_media":0,"comment_status":"open","ping_status":"open","sticky":false,"template":"","format":"standard","meta":{"footnotes":""},"categories":[1],"tags":[],"class_list":["post-832","post","type-post","status-publish","format-standard","hentry","category-sem-categoria"],"_links":{"self":[{"href":"https:\/\/blogs.correiobraziliense.com.br\/lianasabo\/wp-json\/wp\/v2\/posts\/832","targetHints":{"allow":["GET"]}}],"collection":[{"href":"https:\/\/blogs.correiobraziliense.com.br\/lianasabo\/wp-json\/wp\/v2\/posts"}],"about":[{"href":"https:\/\/blogs.correiobraziliense.com.br\/lianasabo\/wp-json\/wp\/v2\/types\/post"}],"author":[{"embeddable":true,"href":"https:\/\/blogs.correiobraziliense.com.br\/lianasabo\/wp-json\/wp\/v2\/users\/54"}],"replies":[{"embeddable":true,"href":"https:\/\/blogs.correiobraziliense.com.br\/lianasabo\/wp-json\/wp\/v2\/comments?post=832"}],"version-history":[{"count":1,"href":"https:\/\/blogs.correiobraziliense.com.br\/lianasabo\/wp-json\/wp\/v2\/posts\/832\/revisions"}],"predecessor-version":[{"id":841,"href":"https:\/\/blogs.correiobraziliense.com.br\/lianasabo\/wp-json\/wp\/v2\/posts\/832\/revisions\/841"}],"wp:attachment":[{"href":"https:\/\/blogs.correiobraziliense.com.br\/lianasabo\/wp-json\/wp\/v2\/media?parent=832"}],"wp:term":[{"taxonomy":"category","embeddable":true,"href":"https:\/\/blogs.correiobraziliense.com.br\/lianasabo\/wp-json\/wp\/v2\/categories?post=832"},{"taxonomy":"post_tag","embeddable":true,"href":"https:\/\/blogs.correiobraziliense.com.br\/lianasabo\/wp-json\/wp\/v2\/tags?post=832"}],"curies":[{"name":"wp","href":"https:\/\/api.w.org\/{rel}","templated":true}]}}