{"id":8318,"date":"2024-05-17T06:14:41","date_gmt":"2024-05-17T09:14:41","guid":{"rendered":"https:\/\/blogs.correiobraziliense.com.br\/lianasabo\/?p=8318"},"modified":"2024-05-16T14:19:49","modified_gmt":"2024-05-16T17:19:49","slug":"degustacao-e-solidariedade-no-terceiro-ano-do-festival-vinho-na-vila-em-brasilia","status":"publish","type":"post","link":"https:\/\/blogs.correiobraziliense.com.br\/lianasabo\/degustacao-e-solidariedade-no-terceiro-ano-do-festival-vinho-na-vila-em-brasilia\/","title":{"rendered":"Degusta\u00e7\u00e3o e solidariedade no terceiro ano do festival Vinho na Vila em Bras\u00edlia"},"content":{"rendered":"<p><em>A nova edi\u00e7\u00e3o na capital federal ser\u00e1 no CasaPark com a participa\u00e7\u00e3o de 20 expositores e r\u00f3tulos de vinhos de diferentes estados brasileiros<\/em><\/p>\n<p>Bras\u00edlia recebe pelo terceiro ano o festival Vinho na Vila. A nova edi\u00e7\u00e3o ser\u00e1 de 24 a 26 de maio no CasaPark com a participa\u00e7\u00e3o de mais de 20 expositores e cerca de 200 r\u00f3tulos de vinhos brasileiros. Entre as vin\u00edcolas confirmadas est\u00e3o representantes do Rio Grande do Sul, de Goi\u00e1s e de Minas Gerais, como Casa Valduga, Vin\u00edcola Monte Castelo e Cave das Vertentes. Neste ano, parte dos recursos com a venda de ingressos ser\u00e1 destinada a ajudar as v\u00edtimas de enchentes no RS.<\/p>\n<p>As sess\u00f5es de degusta\u00e7\u00e3o s\u00e3o a atra\u00e7\u00e3o principal do evento. Pelo custo de R$ 160 ser\u00e1 poss\u00edvel beber os vinhos dispon\u00edveis nos estandes da \u00e1rea restrita por tr\u00eas horas. Al\u00e9m disso, o p\u00fablico poder\u00e1 aprender mais sobre a bebida, pegar dicas de harmoniza\u00e7\u00e3o e fazer compras. Todos ganhar\u00e3o uma ta\u00e7a de cristal, uma ecobag e uma garrafa de \u00e1gua mineral. Quem quiser uma experi\u00eancia ainda mais imersiva pode escolher o ingresso VIP ao custo de R$ 350, entre os benef\u00edcios a entrada antecipada na degusta\u00e7\u00e3o e brindes. Reservas pelo site: <a href=\"https:\/\/www.ingresse.com\/vinho-na-vila-2024-brasilia\/\">https:\/\/www.ingresse.com\/vinho-na-vila-2024-brasilia\/<\/a>.<\/p>\n","protected":false},"excerpt":{"rendered":"<p>A nova edi\u00e7\u00e3o na capital federal ser\u00e1 no CasaPark com a participa\u00e7\u00e3o de 20 expositores e r\u00f3tulos de vinhos de diferentes estados brasileiros<\/p>\n","protected":false},"author":54,"featured_media":8319,"comment_status":"open","ping_status":"open","sticky":false,"template":"","format":"standard","meta":{"footnotes":""},"categories":[486],"tags":[185,463,489],"class_list":["post-8318","post","type-post","status-publish","format-standard","has-post-thumbnail","hentry","category-evento","tag-casapark","tag-degustacao","tag-vinho-na-vila"],"_links":{"self":[{"href":"https:\/\/blogs.correiobraziliense.com.br\/lianasabo\/wp-json\/wp\/v2\/posts\/8318","targetHints":{"allow":["GET"]}}],"collection":[{"href":"https:\/\/blogs.correiobraziliense.com.br\/lianasabo\/wp-json\/wp\/v2\/posts"}],"about":[{"href":"https:\/\/blogs.correiobraziliense.com.br\/lianasabo\/wp-json\/wp\/v2\/types\/post"}],"author":[{"embeddable":true,"href":"https:\/\/blogs.correiobraziliense.com.br\/lianasabo\/wp-json\/wp\/v2\/users\/54"}],"replies":[{"embeddable":true,"href":"https:\/\/blogs.correiobraziliense.com.br\/lianasabo\/wp-json\/wp\/v2\/comments?post=8318"}],"version-history":[{"count":1,"href":"https:\/\/blogs.correiobraziliense.com.br\/lianasabo\/wp-json\/wp\/v2\/posts\/8318\/revisions"}],"predecessor-version":[{"id":8320,"href":"https:\/\/blogs.correiobraziliense.com.br\/lianasabo\/wp-json\/wp\/v2\/posts\/8318\/revisions\/8320"}],"wp:featuredmedia":[{"embeddable":true,"href":"https:\/\/blogs.correiobraziliense.com.br\/lianasabo\/wp-json\/wp\/v2\/media\/8319"}],"wp:attachment":[{"href":"https:\/\/blogs.correiobraziliense.com.br\/lianasabo\/wp-json\/wp\/v2\/media?parent=8318"}],"wp:term":[{"taxonomy":"category","embeddable":true,"href":"https:\/\/blogs.correiobraziliense.com.br\/lianasabo\/wp-json\/wp\/v2\/categories?post=8318"},{"taxonomy":"post_tag","embeddable":true,"href":"https:\/\/blogs.correiobraziliense.com.br\/lianasabo\/wp-json\/wp\/v2\/tags?post=8318"}],"curies":[{"name":"wp","href":"https:\/\/api.w.org\/{rel}","templated":true}]}}