{"id":8315,"date":"2024-05-17T06:35:39","date_gmt":"2024-05-17T09:35:39","guid":{"rendered":"https:\/\/blogs.correiobraziliense.com.br\/lianasabo\/?p=8315"},"modified":"2024-05-16T13:51:29","modified_gmt":"2024-05-16T16:51:29","slug":"em-nova-edicao-festival-brasil-sabor-estimula-a-culinaria-regional","status":"publish","type":"post","link":"https:\/\/blogs.correiobraziliense.com.br\/lianasabo\/em-nova-edicao-festival-brasil-sabor-estimula-a-culinaria-regional\/","title":{"rendered":"Em nova edi\u00e7\u00e3o, Festival Brasil Sabor estimula a culin\u00e1ria regional"},"content":{"rendered":"<p>Iniciado na \u00faltima quinta-feira (16\/5), o Festival Brasil Sabor promovido pela Abrasel est\u00e1 em sua 18\u00aa edi\u00e7\u00e3o celebrando a diversidade gastron\u00f4mica do pa\u00eds com menus especiais em mais de 70 restaurantes no DF. Sob o tema \u201cPra toda gente e pra todo gosto\u201d, o evento conta com pratos feitos com ingredientes e t\u00e9cnicas regionais ao pre\u00e7o promocional de R$ 29, R$ 49, R$ 69 e R$ 89. O festival segue at\u00e9 2 de junho.<\/p>\n<p><strong>Confira os estabelecimentos participantes:<\/strong><\/p>\n<p><strong>Sudoeste\/ Octogonal &#8211;<\/strong> Aben\u00e7oado Bar e Restaurante, Casa Vov\u00f3 Antonez, Confraria do Camar\u00e3o, Don Vitorio Comida de Fogo, Dona Lenha &#8211; Terra\u00e7o Shopping, Gordeixos Cozinha de Fam\u00edlia, Primeiro Cozinha de Bar e Viande<\/p>\n<p><strong>Asa Sul &#8211;<\/strong> Almeria, Alograu Conveni\u00eancia, Alpinus, BSB Grill Sul, Caf\u00e9 Angelita, Confraria do Camar\u00e3o, Dom Francisco (402 Sul e ASBAC), Dona Lenha, Fred Restaurante, Olinda Bar e Restaurante, Restaurante XAMAM, The Koffie Waffles, Ticiana Werner restaurante, Universal, Villa Tevere e Vasto<\/p>\n<p><strong>Asa Norte &#8211;<\/strong> Arabella Pizzaria, Bem Dita Torta, BLAS Restaurante, BSB Grill N\u00b01, Cantina e Pizzaria Nonna Madalena, Cozinha artesanal Ana Martins, Dona Lenha &#8211; 413 Norte, Ernesto Caf\u00e9s Especiais, Flat Iron, Inverso Bar, Jobim Bras\u00edlia, Pata Negra Comida de Boteco, Peixe na Rede, Rapport Bistr\u00f4 e Caf\u00e9, Terrap\u00ed, The Waffle King, Tio Gu Creperia &#8211; Bosque Park, Veloce, Vila Cinco Restaurante, Coco Bambu e Vasto<\/p>\n<p><strong>Vila Planalto &#8211;<\/strong> Bistr\u00f4 Na Vila e Docelu Caf\u00e9 com Flores<\/p>\n<p><strong>Guar\u00e1 \u2013<\/strong> BH P\u00e3o de Queijo e Coco Bambu<\/p>\n<p><strong>\u00c1guas Claras &#8211;<\/strong> Black Rose Fondue House, Casa The Famous, Fred Restaurante e Coco Bambu<\/p>\n<p><strong>Taguatinga &#8211;<\/strong> Bahea, Deck Burger, Olinda Bar e Restaurante, Quintal DI&#8217;CASA Bistr\u00f4, Seu Z\u00e9 e Seu Man\u00e9 e Coco Bambu<\/p>\n<p><strong>Gama &#8211;<\/strong> Caf\u00e9 com Leite Cafeteria e Bistr\u00f4<\/p>\n<p><strong>Sobradinho &#8211;<\/strong> DI Giorgio Pizza Artesanal<\/p>\n<p><strong>Lago Sul &#8211; <\/strong>Dona Lenha, Fortunata, NAU Frutos do Mar, Veloce e Coco Bambu<\/p>\n<p><strong>N\u00facleo Bandeirante &#8211;<\/strong> Igglus Restaurante e Pizzaria<\/p>\n<p><strong>Riacho Fundo &#8211;<\/strong> Igglus Restaurante e Pizzaria e Leblon Food Park<\/p>\n<p><strong>Planatina &#8211;<\/strong> Piazza 596 Trattoria<\/p>\n<p><strong>Samambaia &#8211;<\/strong> Ref\u00fagio Cozinha e Bar<\/p>\n<p><strong>Recanto das Emas &#8211;<\/strong> Seu Z\u00e9 e Seu Man\u00e9<\/p>\n<p><strong>Lago Norte &#8211;<\/strong> Coco Bambu<\/p>\n","protected":false},"excerpt":{"rendered":"<p>Iniciado na \u00faltima quinta-feira (16\/5), o Festival Brasil Sabor promovido pela Abrasel est\u00e1 em sua 18\u00aa edi\u00e7\u00e3o celebrando a diversidade gastron\u00f4mica do pa\u00eds com menus especiais em mais de 70 restaurantes no DF. Sob o tema \u201cPra toda gente e pra todo gosto\u201d, o evento conta com pratos feitos com ingredientes e t\u00e9cnicas regionais ao pre\u00e7o promocional de R$ 29, [&hellip;]<\/p>\n","protected":false},"author":54,"featured_media":8316,"comment_status":"open","ping_status":"open","sticky":false,"template":"","format":"standard","meta":{"footnotes":""},"categories":[201],"tags":[32],"class_list":["post-8315","post","type-post","status-publish","format-standard","has-post-thumbnail","hentry","category-festival","tag-festival-brasil-sabor"],"_links":{"self":[{"href":"https:\/\/blogs.correiobraziliense.com.br\/lianasabo\/wp-json\/wp\/v2\/posts\/8315","targetHints":{"allow":["GET"]}}],"collection":[{"href":"https:\/\/blogs.correiobraziliense.com.br\/lianasabo\/wp-json\/wp\/v2\/posts"}],"about":[{"href":"https:\/\/blogs.correiobraziliense.com.br\/lianasabo\/wp-json\/wp\/v2\/types\/post"}],"author":[{"embeddable":true,"href":"https:\/\/blogs.correiobraziliense.com.br\/lianasabo\/wp-json\/wp\/v2\/users\/54"}],"replies":[{"embeddable":true,"href":"https:\/\/blogs.correiobraziliense.com.br\/lianasabo\/wp-json\/wp\/v2\/comments?post=8315"}],"version-history":[{"count":1,"href":"https:\/\/blogs.correiobraziliense.com.br\/lianasabo\/wp-json\/wp\/v2\/posts\/8315\/revisions"}],"predecessor-version":[{"id":8317,"href":"https:\/\/blogs.correiobraziliense.com.br\/lianasabo\/wp-json\/wp\/v2\/posts\/8315\/revisions\/8317"}],"wp:featuredmedia":[{"embeddable":true,"href":"https:\/\/blogs.correiobraziliense.com.br\/lianasabo\/wp-json\/wp\/v2\/media\/8316"}],"wp:attachment":[{"href":"https:\/\/blogs.correiobraziliense.com.br\/lianasabo\/wp-json\/wp\/v2\/media?parent=8315"}],"wp:term":[{"taxonomy":"category","embeddable":true,"href":"https:\/\/blogs.correiobraziliense.com.br\/lianasabo\/wp-json\/wp\/v2\/categories?post=8315"},{"taxonomy":"post_tag","embeddable":true,"href":"https:\/\/blogs.correiobraziliense.com.br\/lianasabo\/wp-json\/wp\/v2\/tags?post=8315"}],"curies":[{"name":"wp","href":"https:\/\/api.w.org\/{rel}","templated":true}]}}