{"id":8262,"date":"2024-05-03T06:21:59","date_gmt":"2024-05-03T09:21:59","guid":{"rendered":"https:\/\/blogs.correiobraziliense.com.br\/lianasabo\/?p=8262"},"modified":"2024-05-02T11:53:57","modified_gmt":"2024-05-02T14:53:57","slug":"restaurante-do-chef-paulo-tarso-figura-na-lista-dos-100-melhores-do-brasil","status":"publish","type":"post","link":"https:\/\/blogs.correiobraziliense.com.br\/lianasabo\/restaurante-do-chef-paulo-tarso-figura-na-lista-dos-100-melhores-do-brasil\/","title":{"rendered":"Restaurante do chef Paulo Tarso figura na lista dos 100 melhores do Brasil"},"content":{"rendered":"<p><em>O estabelecimento do brasiliense foi o \u00fanico da cidade citado no ranking da revista Exame 2024<\/em><\/p>\n<p>Super bem avaliado nas m\u00eddias sociais pela excepcional experi\u00eancia gastron\u00f4mica que proporciona aos clientes, o chef Paulo Tarso foi o \u00fanico brasiliense a integrar a terceira edi\u00e7\u00e3o de Os 100 Melhores Restaurantes do Brasil, ranking da revista Exame 2024. \u201cIsso nos motiva a sermos cada dia melhores\u201d, reagiu o chef de 37 anos, nascido em Bras\u00edlia, que ficou sabendo ter obtido a 100\u00aa posi\u00e7\u00e3o da lista, \u201cmediante uma seguidora no Instagram, que me mandou a foto\u201d.<\/p>\n<p>Chama-se Tarso o restaurante hom\u00f4nimo do chef, aberto em outubro \u00faltimo sem qualquer badala\u00e7\u00e3o. Fica meio escondido no Bloco C da 308 Norte. Depois que voc\u00ea tem acesso ap\u00f3s se identificar na porta eletr\u00f4nica, percorre poucos passos at\u00e9 uma escada que leva ao subsolo onde se descortina o ambiente mais novaiorquino que a cidade possa ter. Em tudo o bistr\u00f4, decorado nas cores rosa e azul, se parece com lugares nos quais o brasiliense, que quase se tornou advogado (foi at\u00e9 o s\u00e9timo semestre do Direito), frequentou e trabalhou nos Estados Unidos.<\/p>\n<p>Formado em gastronomia pelo renomado The Culinary Institute of America de Nova York, Paulo Tarso \u00e9 um professor nato, j\u00e1 deu v\u00e1rios cursos na cidade e valoriza sempre o trabalho de seus auxiliares: \u201cNunca fui ligado a rankings, mas confesso que figurar nesse (da revista Exame), sendo o \u00fanico de Bras\u00edlia e um dos dois do centro-oeste (o outro foi Mahalo Cozinha Criativa, de Cuiab\u00e1, no 98\u00ba lugar) foi uma felicidade enorme para a nossa equipe\u201d, declarou. Em Bras\u00edlia, o chef j\u00e1 pilotou as ca\u00e7arolas do Mosaico e do Rubrio.<\/p>\n<p><strong>Nove etapas<\/strong><\/p>\n<div id='gallery-1' class='gallery galleryid-8262 gallery-columns-3 gallery-size-full'><figure class='gallery-item'>\n\t\t\t<div class='gallery-icon portrait'>\n\t\t\t\t<a href='https:\/\/blogs.correiobraziliense.com.br\/lianasabo\/restaurante-do-chef-paulo-tarso-figura-na-lista-dos-100-melhores-do-brasil\/_tar8834\/'><img loading=\"lazy\" decoding=\"async\" width=\"800\" height=\"1199\" src=\"https:\/\/blogs.correiobraziliense.com.br\/lianasabo\/wp-content\/uploads\/sites\/25\/2024\/05\/TAR8834.jpg\" class=\"attachment-full size-full\" alt=\"\" aria-describedby=\"gallery-1-8269\" srcset=\"https:\/\/blogs.correiobraziliense.com.br\/lianasabo\/wp-content\/uploads\/sites\/25\/2024\/05\/TAR8834.jpg 800w, https:\/\/blogs.correiobraziliense.com.br\/lianasabo\/wp-content\/uploads\/sites\/25\/2024\/05\/TAR8834-200x300.jpg 200w, https:\/\/blogs.correiobraziliense.com.br\/lianasabo\/wp-content\/uploads\/sites\/25\/2024\/05\/TAR8834-768x1151.jpg 768w, https:\/\/blogs.correiobraziliense.com.br\/lianasabo\/wp-content\/uploads\/sites\/25\/2024\/05\/TAR8834-683x1024.jpg 683w, https:\/\/blogs.correiobraziliense.com.br\/lianasabo\/wp-content\/uploads\/sites\/25\/2024\/05\/TAR8834-550x824.jpg 550w, https:\/\/blogs.correiobraziliense.com.br\/lianasabo\/wp-content\/uploads\/sites\/25\/2024\/05\/TAR8834-230x345.jpg 230w\" sizes=\"auto, (max-width: 800px) 100vw, 800px\" \/><\/a>\n\t\t\t<\/div>\n\t\t\t\t<figcaption class='wp-caption-text gallery-caption' id='gallery-1-8269'>\n\t\t\t\t7\u00ba Cordeiro uruguaio em duas texturas, pur\u00ea de couve flor com queijo de cabra e cenoura\n\t\t\t\t<\/figcaption><\/figure><figure class='gallery-item'>\n\t\t\t<div class='gallery-icon portrait'>\n\t\t\t\t<a href='https:\/\/blogs.correiobraziliense.com.br\/lianasabo\/restaurante-do-chef-paulo-tarso-figura-na-lista-dos-100-melhores-do-brasil\/_tar8091\/'><img loading=\"lazy\" decoding=\"async\" width=\"800\" height=\"1199\" src=\"https:\/\/blogs.correiobraziliense.com.br\/lianasabo\/wp-content\/uploads\/sites\/25\/2024\/05\/TAR8091.jpg\" class=\"attachment-full size-full\" alt=\"\" aria-describedby=\"gallery-1-8272\" srcset=\"https:\/\/blogs.correiobraziliense.com.br\/lianasabo\/wp-content\/uploads\/sites\/25\/2024\/05\/TAR8091.jpg 800w, https:\/\/blogs.correiobraziliense.com.br\/lianasabo\/wp-content\/uploads\/sites\/25\/2024\/05\/TAR8091-200x300.jpg 200w, https:\/\/blogs.correiobraziliense.com.br\/lianasabo\/wp-content\/uploads\/sites\/25\/2024\/05\/TAR8091-768x1151.jpg 768w, https:\/\/blogs.correiobraziliense.com.br\/lianasabo\/wp-content\/uploads\/sites\/25\/2024\/05\/TAR8091-683x1024.jpg 683w, https:\/\/blogs.correiobraziliense.com.br\/lianasabo\/wp-content\/uploads\/sites\/25\/2024\/05\/TAR8091-550x824.jpg 550w, https:\/\/blogs.correiobraziliense.com.br\/lianasabo\/wp-content\/uploads\/sites\/25\/2024\/05\/TAR8091-230x345.jpg 230w\" sizes=\"auto, (max-width: 800px) 100vw, 800px\" \/><\/a>\n\t\t\t<\/div>\n\t\t\t\t<figcaption class='wp-caption-text gallery-caption' id='gallery-1-8272'>\n\t\t\t\tPolvo espanhol com espuma de chistorra\n\t\t\t\t<\/figcaption><\/figure><figure class='gallery-item'>\n\t\t\t<div class='gallery-icon portrait'>\n\t\t\t\t<a href='https:\/\/blogs.correiobraziliense.com.br\/lianasabo\/restaurante-do-chef-paulo-tarso-figura-na-lista-dos-100-melhores-do-brasil\/_tar8069\/'><img loading=\"lazy\" decoding=\"async\" width=\"800\" height=\"1199\" src=\"https:\/\/blogs.correiobraziliense.com.br\/lianasabo\/wp-content\/uploads\/sites\/25\/2024\/05\/TAR8069.jpg\" class=\"attachment-full size-full\" alt=\"\" srcset=\"https:\/\/blogs.correiobraziliense.com.br\/lianasabo\/wp-content\/uploads\/sites\/25\/2024\/05\/TAR8069.jpg 800w, https:\/\/blogs.correiobraziliense.com.br\/lianasabo\/wp-content\/uploads\/sites\/25\/2024\/05\/TAR8069-200x300.jpg 200w, https:\/\/blogs.correiobraziliense.com.br\/lianasabo\/wp-content\/uploads\/sites\/25\/2024\/05\/TAR8069-768x1151.jpg 768w, https:\/\/blogs.correiobraziliense.com.br\/lianasabo\/wp-content\/uploads\/sites\/25\/2024\/05\/TAR8069-683x1024.jpg 683w, https:\/\/blogs.correiobraziliense.com.br\/lianasabo\/wp-content\/uploads\/sites\/25\/2024\/05\/TAR8069-550x824.jpg 550w, https:\/\/blogs.correiobraziliense.com.br\/lianasabo\/wp-content\/uploads\/sites\/25\/2024\/05\/TAR8069-230x345.jpg 230w\" sizes=\"auto, (max-width: 800px) 100vw, 800px\" \/><\/a>\n\t\t\t<\/div><\/figure>\n\t\t<\/div>\n\n<p>\u201cTrabalhamos s\u00f3 com menu degusta\u00e7\u00e3o de m\u00faltiplos passos e buscamos oferecer uma experi\u00eancia \u00fanica para cada cliente\u201d, anuncia o post no Instagram. O card\u00e1pio s\u00f3 \u00e9 revelado na chegada do cliente. Ele pode levar o seu vinho a um custo de R$ 80 a rolha, ou optar pelos r\u00f3tulos \u00e0 venda.<\/p>\n<p>S\u00e3o quatro prepara\u00e7\u00f5es servidas como entrada, tr\u00eas principais e duas sobremesas. No dia que eu fui come\u00e7ou com uma sopa de cebola com queijo granito e nozes caramelizadas, seguido de ceviche diferente do tradicional e inspirado em varia\u00e7\u00f5es colhidas pelo chef quando morou no Peru, vem com milho e leite de coco tailand\u00eas. Steak tartar com tutano defumado e polvo espanhol cozido por 5 horas no m\u00e9todo sous vide e servido com espuma de chistorra (lingui\u00e7a de porco) encerram as entradas.<\/p>\n<p>Peixe branco com molho branco de tomate e azeite de tr\u00eas ervas; porco curado com pir\u00e3o de leite e demi-glace com pimenta de cheiro e tucupi, al\u00e9m de cordeiro uruguaio em duas texturas, pur\u00ea de couve-flor com queijo de cabra e cenoura formam o trio no item principal. Sobremesa de mel, lim\u00e3o e baunilha de Madagascar e pistache, irish cream e verbena encerram a espetacular degusta\u00e7\u00e3o. O chef, que acabou de voltar do Jap\u00e3o, elabora novo card\u00e1pio com influ\u00eancias asi\u00e1ticas. Reservas pelo site: <a href=\"https:\/\/tarso.meitre.com\/\">tarso.meitre.com.<\/a><\/p>\n","protected":false},"excerpt":{"rendered":"<p>O estabelecimento do brasiliense foi o \u00fanico da cidade citado no ranking da revista Exame 2024<\/p>\n","protected":false},"author":54,"featured_media":8268,"comment_status":"open","ping_status":"open","sticky":false,"template":"","format":"standard","meta":{"footnotes":""},"categories":[1],"tags":[1070,345,1069,338,1071],"class_list":["post-8262","post","type-post","status-publish","format-standard","has-post-thumbnail","hentry","category-sem-categoria","tag-100-melhores-restaurantes","tag-chef","tag-paulo-tarso","tag-restaurante","tag-revista-exame"],"_links":{"self":[{"href":"https:\/\/blogs.correiobraziliense.com.br\/lianasabo\/wp-json\/wp\/v2\/posts\/8262","targetHints":{"allow":["GET"]}}],"collection":[{"href":"https:\/\/blogs.correiobraziliense.com.br\/lianasabo\/wp-json\/wp\/v2\/posts"}],"about":[{"href":"https:\/\/blogs.correiobraziliense.com.br\/lianasabo\/wp-json\/wp\/v2\/types\/post"}],"author":[{"embeddable":true,"href":"https:\/\/blogs.correiobraziliense.com.br\/lianasabo\/wp-json\/wp\/v2\/users\/54"}],"replies":[{"embeddable":true,"href":"https:\/\/blogs.correiobraziliense.com.br\/lianasabo\/wp-json\/wp\/v2\/comments?post=8262"}],"version-history":[{"count":4,"href":"https:\/\/blogs.correiobraziliense.com.br\/lianasabo\/wp-json\/wp\/v2\/posts\/8262\/revisions"}],"predecessor-version":[{"id":8274,"href":"https:\/\/blogs.correiobraziliense.com.br\/lianasabo\/wp-json\/wp\/v2\/posts\/8262\/revisions\/8274"}],"wp:featuredmedia":[{"embeddable":true,"href":"https:\/\/blogs.correiobraziliense.com.br\/lianasabo\/wp-json\/wp\/v2\/media\/8268"}],"wp:attachment":[{"href":"https:\/\/blogs.correiobraziliense.com.br\/lianasabo\/wp-json\/wp\/v2\/media?parent=8262"}],"wp:term":[{"taxonomy":"category","embeddable":true,"href":"https:\/\/blogs.correiobraziliense.com.br\/lianasabo\/wp-json\/wp\/v2\/categories?post=8262"},{"taxonomy":"post_tag","embeddable":true,"href":"https:\/\/blogs.correiobraziliense.com.br\/lianasabo\/wp-json\/wp\/v2\/tags?post=8262"}],"curies":[{"name":"wp","href":"https:\/\/api.w.org\/{rel}","templated":true}]}}