{"id":8257,"date":"2024-05-01T21:00:13","date_gmt":"2024-05-02T00:00:13","guid":{"rendered":"https:\/\/blogs.correiobraziliense.com.br\/lianasabo\/?p=8257"},"modified":"2024-05-01T21:00:13","modified_gmt":"2024-05-02T00:00:13","slug":"dia-das-maes-dicas-para-presentear-as-matriarcas","status":"publish","type":"post","link":"https:\/\/blogs.correiobraziliense.com.br\/lianasabo\/dia-das-maes-dicas-para-presentear-as-matriarcas\/","title":{"rendered":"Dia das M\u00e3es: Dicas para presentear as matriarcas"},"content":{"rendered":"<p><span style=\"font-weight: 400\">J\u00e1 escolheu o presente da sua m\u00e3e? A tradicional feira Panela Candanga ter\u00e1 uma edi\u00e7\u00e3o especial com 25 expositores com produtos artesanais e diferenciados para as matriarcas. O evento ser\u00e1 de 9 a 12 de maio na Pra\u00e7a Central do Casapark. Funciona de quinta a s\u00e1bado, das 12h \u00e0s 22h, e domingo, das 12h \u00e0s 20h. A entrada \u00e9 gratuita.<\/span><\/p>\n<figure id=\"attachment_8259\" aria-describedby=\"caption-attachment-8259\" style=\"width: 200px\" class=\"wp-caption alignleft\"><a href=\"https:\/\/blogs.correiobraziliense.com.br\/lianasabo\/wp-content\/uploads\/sites\/25\/2024\/05\/Panela-Candanga-Julho-2023-68.jpg\"><img loading=\"lazy\" decoding=\"async\" class=\"size-medium wp-image-8259\" src=\"https:\/\/blogs.correiobraziliense.com.br\/lianasabo\/wp-content\/uploads\/sites\/25\/2024\/05\/Panela-Candanga-Julho-2023-68-200x300.jpg\" alt=\"\" width=\"200\" height=\"300\" srcset=\"https:\/\/blogs.correiobraziliense.com.br\/lianasabo\/wp-content\/uploads\/sites\/25\/2024\/05\/Panela-Candanga-Julho-2023-68-200x300.jpg 200w, https:\/\/blogs.correiobraziliense.com.br\/lianasabo\/wp-content\/uploads\/sites\/25\/2024\/05\/Panela-Candanga-Julho-2023-68-768x1152.jpg 768w, https:\/\/blogs.correiobraziliense.com.br\/lianasabo\/wp-content\/uploads\/sites\/25\/2024\/05\/Panela-Candanga-Julho-2023-68-683x1024.jpg 683w, https:\/\/blogs.correiobraziliense.com.br\/lianasabo\/wp-content\/uploads\/sites\/25\/2024\/05\/Panela-Candanga-Julho-2023-68.jpg 800w, https:\/\/blogs.correiobraziliense.com.br\/lianasabo\/wp-content\/uploads\/sites\/25\/2024\/05\/Panela-Candanga-Julho-2023-68-550x825.jpg 550w, https:\/\/blogs.correiobraziliense.com.br\/lianasabo\/wp-content\/uploads\/sites\/25\/2024\/05\/Panela-Candanga-Julho-2023-68-230x345.jpg 230w\" sizes=\"auto, (max-width: 200px) 100vw, 200px\" \/><\/a><figcaption id=\"caption-attachment-8259\" class=\"wp-caption-text\">Cr\u00e9dito: Panela Candanga\/Divulga\u00e7\u00e3o<\/figcaption><\/figure>\n<p><span style=\"font-weight: 400\">Durante os quatro dias participam as seguintes marcas: Ad\u00ea Culin\u00e1ria Saud\u00e1vel, Amanda Marchi Confeitaria, Api\u00e1rio dos Sonhos, B\u00e3o Que S\u00f3, Caf\u00e9 Carmes\u00ed, Caf\u00e9 Honesta, Q Suculentos Antepastos, Cake &amp; Health, Capital Emp\u00f3rio Queijos Artesanais, Cerrado Blue, Chef David Lemberger\u00a0 Caramelos Belgas, Chimichurri Costumes Argentinas, Confeitaria da Torre Past\u00e9is de Bel\u00e9m, Cruls Cervejaria, Doce Sal, Doces Tenta\u00e7\u00e3o 50% Menos A\u00e7\u00facar, Dona Osm\u00e1 Aromas &amp; Sabores, Fine N\u2019 Rolls, Ga\u00facha Prendada, Goy\u00e1s Defumados, Molhos Artesanais Curitiba, P\u00e3o de Q.Jos Minas, Areppa, Pi\u00f1on Torroneria, Saholi Ch\u00e1s Blends, Saveurs Et Traditions Montagnarde, Tat\u00e1 Biscoiteria e Wine Day Group.<\/span><\/p>\n<figure id=\"attachment_8260\" aria-describedby=\"caption-attachment-8260\" style=\"width: 244px\" class=\"wp-caption alignright\"><a href=\"https:\/\/blogs.correiobraziliense.com.br\/lianasabo\/wp-content\/uploads\/sites\/25\/2024\/05\/Chef-Lionel-Ortega-1.jpeg\"><img loading=\"lazy\" decoding=\"async\" class=\"size-medium wp-image-8260\" src=\"https:\/\/blogs.correiobraziliense.com.br\/lianasabo\/wp-content\/uploads\/sites\/25\/2024\/05\/Chef-Lionel-Ortega-1-244x300.jpeg\" alt=\"\" width=\"244\" height=\"300\" srcset=\"https:\/\/blogs.correiobraziliense.com.br\/lianasabo\/wp-content\/uploads\/sites\/25\/2024\/05\/Chef-Lionel-Ortega-1-244x300.jpeg 244w, https:\/\/blogs.correiobraziliense.com.br\/lianasabo\/wp-content\/uploads\/sites\/25\/2024\/05\/Chef-Lionel-Ortega-1-768x946.jpeg 768w, https:\/\/blogs.correiobraziliense.com.br\/lianasabo\/wp-content\/uploads\/sites\/25\/2024\/05\/Chef-Lionel-Ortega-1-831x1024.jpeg 831w, https:\/\/blogs.correiobraziliense.com.br\/lianasabo\/wp-content\/uploads\/sites\/25\/2024\/05\/Chef-Lionel-Ortega-1-800x986.jpeg 800w, https:\/\/blogs.correiobraziliense.com.br\/lianasabo\/wp-content\/uploads\/sites\/25\/2024\/05\/Chef-Lionel-Ortega-1-550x678.jpeg 550w, https:\/\/blogs.correiobraziliense.com.br\/lianasabo\/wp-content\/uploads\/sites\/25\/2024\/05\/Chef-Lionel-Ortega-1-230x283.jpeg 230w, https:\/\/blogs.correiobraziliense.com.br\/lianasabo\/wp-content\/uploads\/sites\/25\/2024\/05\/Chef-Lionel-Ortega-1.jpeg 1039w\" sizes=\"auto, (max-width: 244px) 100vw, 244px\" \/><\/a><figcaption id=\"caption-attachment-8260\" class=\"wp-caption-text\">Cr\u00e9dito: Arquivo pessoal<\/figcaption><\/figure>\n<p><span style=\"font-weight: 400\">Que tal celebrar o Dia das M\u00e3es com um tour gastron\u00f4mico como presente? No dia 11 de maio, o Espa\u00e7o Anna Carib\u00e9, na 112 Sul, apresenta um menu especial em cinco etapas. Desenvolvido pelo chef Lionel Ortega, o card\u00e1pio \u2013 que vale tanto para o almo\u00e7o, como para o jantar \u2013 \u00e9 composto por petiscos, couvert, entrada, prato principal e sobremesa.\u00a0<\/span><\/p>\n<p><span style=\"font-weight: 400\">O grande protagonista do dia \u00e9 o cr\u00e8me br\u00fbl\u00e9e, que aparece em vers\u00f5es salgadas, feito com foie gras, piment\u00e3o vermelho e aspargos. Reservas pelo telefone (61) 98271-1718 ao custo de R$ 295 e R$ 365 (com harmoniza\u00e7\u00e3o), por pessoa. Grupos a partir de quatro pessoas t\u00eam desconto de 12%.\u00a0<\/span><\/p>\n","protected":false},"excerpt":{"rendered":"<p>J\u00e1 escolheu o presente da sua m\u00e3e? A tradicional feira Panela Candanga ter\u00e1 uma edi\u00e7\u00e3o especial com 25 expositores com produtos artesanais e diferenciados para as matriarcas. O evento ser\u00e1 de 9 a 12 de maio na Pra\u00e7a Central do Casapark. Funciona de quinta a s\u00e1bado, das 12h \u00e0s 22h, e domingo, das 12h \u00e0s 20h. A entrada \u00e9 gratuita. [&hellip;]<\/p>\n","protected":false},"author":54,"featured_media":8258,"comment_status":"open","ping_status":"open","sticky":false,"template":"","format":"standard","meta":{"footnotes":""},"categories":[1],"tags":[103,1068],"class_list":["post-8257","post","type-post","status-publish","format-standard","has-post-thumbnail","hentry","category-sem-categoria","tag-dia-das-maes","tag-presente"],"_links":{"self":[{"href":"https:\/\/blogs.correiobraziliense.com.br\/lianasabo\/wp-json\/wp\/v2\/posts\/8257","targetHints":{"allow":["GET"]}}],"collection":[{"href":"https:\/\/blogs.correiobraziliense.com.br\/lianasabo\/wp-json\/wp\/v2\/posts"}],"about":[{"href":"https:\/\/blogs.correiobraziliense.com.br\/lianasabo\/wp-json\/wp\/v2\/types\/post"}],"author":[{"embeddable":true,"href":"https:\/\/blogs.correiobraziliense.com.br\/lianasabo\/wp-json\/wp\/v2\/users\/54"}],"replies":[{"embeddable":true,"href":"https:\/\/blogs.correiobraziliense.com.br\/lianasabo\/wp-json\/wp\/v2\/comments?post=8257"}],"version-history":[{"count":1,"href":"https:\/\/blogs.correiobraziliense.com.br\/lianasabo\/wp-json\/wp\/v2\/posts\/8257\/revisions"}],"predecessor-version":[{"id":8261,"href":"https:\/\/blogs.correiobraziliense.com.br\/lianasabo\/wp-json\/wp\/v2\/posts\/8257\/revisions\/8261"}],"wp:featuredmedia":[{"embeddable":true,"href":"https:\/\/blogs.correiobraziliense.com.br\/lianasabo\/wp-json\/wp\/v2\/media\/8258"}],"wp:attachment":[{"href":"https:\/\/blogs.correiobraziliense.com.br\/lianasabo\/wp-json\/wp\/v2\/media?parent=8257"}],"wp:term":[{"taxonomy":"category","embeddable":true,"href":"https:\/\/blogs.correiobraziliense.com.br\/lianasabo\/wp-json\/wp\/v2\/categories?post=8257"},{"taxonomy":"post_tag","embeddable":true,"href":"https:\/\/blogs.correiobraziliense.com.br\/lianasabo\/wp-json\/wp\/v2\/tags?post=8257"}],"curies":[{"name":"wp","href":"https:\/\/api.w.org\/{rel}","templated":true}]}}