{"id":8254,"date":"2024-05-01T20:50:08","date_gmt":"2024-05-01T23:50:08","guid":{"rendered":"https:\/\/blogs.correiobraziliense.com.br\/lianasabo\/?p=8254"},"modified":"2024-05-01T20:50:08","modified_gmt":"2024-05-01T23:50:08","slug":"praca-portugal-recebe-evento-em-celebracao-a-cultura-lusofona","status":"publish","type":"post","link":"https:\/\/blogs.correiobraziliense.com.br\/lianasabo\/praca-portugal-recebe-evento-em-celebracao-a-cultura-lusofona\/","title":{"rendered":"Pra\u00e7a Portugal recebe evento em celebra\u00e7\u00e3o \u00e0 cultura lus\u00f3fona"},"content":{"rendered":"<p>A l\u00edngua portuguesa \u00e9 uma das mais difundidas no mundo, com mais de 265 milh\u00f5es de falantes espalhados pelos continentes. Em celebra\u00e7\u00e3o ao idioma e a cultura lus\u00f3fona, no dia 5 de maio comemora-se o Dia Mundial da L\u00edngua Portuguesa.<\/p>\n<p>Na data, a Associa\u00e7\u00e3o Amigos da Pra\u00e7a Portugal em Bras\u00edlia promove, das 11h \u00e0s 17h, uma feira com comidas, bebidas, artesanato, cultura e m\u00fasica ao lado da Embaixada de Portugal, no Setor de Embaixadas Sul.<\/p>\n<p>O restauranter Ant\u00f4nio Machado Barrigana, do Tuga, estar\u00e1 no local com polvo \u00e0 lagareiro, bacalhau \u00e0 lagareiro, arroz de bacalhau e bolinho de bacalhau. Completam as iguarias \u00e0 venda na feira receitas como sardinha portuguesa assada na brasa e past\u00e9is de nata. A entrada \u00e9 franca.<\/p>\n","protected":false},"excerpt":{"rendered":"<p>A l\u00edngua portuguesa \u00e9 uma das mais difundidas no mundo, com mais de 265 milh\u00f5es de falantes espalhados pelos continentes. Em celebra\u00e7\u00e3o ao idioma e a cultura lus\u00f3fona, no dia 5 de maio comemora-se o Dia Mundial da L\u00edngua Portuguesa. Na data, a Associa\u00e7\u00e3o Amigos da Pra\u00e7a Portugal em Bras\u00edlia promove, das 11h \u00e0s 17h, uma feira com comidas, bebidas, [&hellip;]<\/p>\n","protected":false},"author":54,"featured_media":8255,"comment_status":"open","ping_status":"open","sticky":false,"template":"","format":"standard","meta":{"footnotes":""},"categories":[486],"tags":[1065,1067,363,448,1066],"class_list":["post-8254","post","type-post","status-publish","format-standard","has-post-thumbnail","hentry","category-evento","tag-dia-mundial-da-lingua-portuguesa","tag-embaixada-de-portugal","tag-evento","tag-feira","tag-praca-portugal"],"_links":{"self":[{"href":"https:\/\/blogs.correiobraziliense.com.br\/lianasabo\/wp-json\/wp\/v2\/posts\/8254","targetHints":{"allow":["GET"]}}],"collection":[{"href":"https:\/\/blogs.correiobraziliense.com.br\/lianasabo\/wp-json\/wp\/v2\/posts"}],"about":[{"href":"https:\/\/blogs.correiobraziliense.com.br\/lianasabo\/wp-json\/wp\/v2\/types\/post"}],"author":[{"embeddable":true,"href":"https:\/\/blogs.correiobraziliense.com.br\/lianasabo\/wp-json\/wp\/v2\/users\/54"}],"replies":[{"embeddable":true,"href":"https:\/\/blogs.correiobraziliense.com.br\/lianasabo\/wp-json\/wp\/v2\/comments?post=8254"}],"version-history":[{"count":1,"href":"https:\/\/blogs.correiobraziliense.com.br\/lianasabo\/wp-json\/wp\/v2\/posts\/8254\/revisions"}],"predecessor-version":[{"id":8256,"href":"https:\/\/blogs.correiobraziliense.com.br\/lianasabo\/wp-json\/wp\/v2\/posts\/8254\/revisions\/8256"}],"wp:featuredmedia":[{"embeddable":true,"href":"https:\/\/blogs.correiobraziliense.com.br\/lianasabo\/wp-json\/wp\/v2\/media\/8255"}],"wp:attachment":[{"href":"https:\/\/blogs.correiobraziliense.com.br\/lianasabo\/wp-json\/wp\/v2\/media?parent=8254"}],"wp:term":[{"taxonomy":"category","embeddable":true,"href":"https:\/\/blogs.correiobraziliense.com.br\/lianasabo\/wp-json\/wp\/v2\/categories?post=8254"},{"taxonomy":"post_tag","embeddable":true,"href":"https:\/\/blogs.correiobraziliense.com.br\/lianasabo\/wp-json\/wp\/v2\/tags?post=8254"}],"curies":[{"name":"wp","href":"https:\/\/api.w.org\/{rel}","templated":true}]}}