{"id":8242,"date":"2024-04-26T10:15:00","date_gmt":"2024-04-26T13:15:00","guid":{"rendered":"https:\/\/blogs.correiobraziliense.com.br\/lianasabo\/?p=8242"},"modified":"2024-04-26T10:15:00","modified_gmt":"2024-04-26T13:15:00","slug":"fogo-de-chao-tera-novo-endereco-a-partir-de-junho","status":"publish","type":"post","link":"https:\/\/blogs.correiobraziliense.com.br\/lianasabo\/fogo-de-chao-tera-novo-endereco-a-partir-de-junho\/","title":{"rendered":"Fogo de Ch\u00e3o ter\u00e1 novo endere\u00e7o a partir de junho"},"content":{"rendered":"<p>O dia 4 de junho, uma ter\u00e7a-feira, ser\u00e1 a \u00faltima vez que a Fogo de Ch\u00e3o funcionar\u00e1 no cora\u00e7\u00e3o do Plano Piloto. A partir de 6 de junho, a tradicional churrascaria abrir\u00e1 as portas no Complexo Comercial Beira Lago, ao lado do Cota Mil, para um p\u00fablico que ter\u00e1 ao seu dispor 400 lugares. Ainda este m\u00eas, em que o Dia do Churrasco \u00e9 comemorado, o delicioso corte Porterhouse integra o rod\u00edzio completo que sai por R$ 215 por pessoa.<\/p>\n","protected":false},"excerpt":{"rendered":"<p>O dia 4 de junho, uma ter\u00e7a-feira, ser\u00e1 a \u00faltima vez que a Fogo de Ch\u00e3o funcionar\u00e1 no cora\u00e7\u00e3o do Plano Piloto. A partir de 6 de junho, a tradicional churrascaria abrir\u00e1 as portas no Complexo Comercial Beira Lago, ao lado do Cota Mil, para um p\u00fablico que ter\u00e1 ao seu dispor 400 lugares. Ainda este m\u00eas, em que o [&hellip;]<\/p>\n","protected":false},"author":54,"featured_media":8243,"comment_status":"open","ping_status":"open","sticky":false,"template":"","format":"standard","meta":{"footnotes":""},"categories":[326],"tags":[14,1063,86],"class_list":["post-8242","post","type-post","status-publish","format-standard","has-post-thumbnail","hentry","category-restaurantes","tag-churrasco","tag-endereco","tag-fogo-de-chao"],"_links":{"self":[{"href":"https:\/\/blogs.correiobraziliense.com.br\/lianasabo\/wp-json\/wp\/v2\/posts\/8242","targetHints":{"allow":["GET"]}}],"collection":[{"href":"https:\/\/blogs.correiobraziliense.com.br\/lianasabo\/wp-json\/wp\/v2\/posts"}],"about":[{"href":"https:\/\/blogs.correiobraziliense.com.br\/lianasabo\/wp-json\/wp\/v2\/types\/post"}],"author":[{"embeddable":true,"href":"https:\/\/blogs.correiobraziliense.com.br\/lianasabo\/wp-json\/wp\/v2\/users\/54"}],"replies":[{"embeddable":true,"href":"https:\/\/blogs.correiobraziliense.com.br\/lianasabo\/wp-json\/wp\/v2\/comments?post=8242"}],"version-history":[{"count":1,"href":"https:\/\/blogs.correiobraziliense.com.br\/lianasabo\/wp-json\/wp\/v2\/posts\/8242\/revisions"}],"predecessor-version":[{"id":8244,"href":"https:\/\/blogs.correiobraziliense.com.br\/lianasabo\/wp-json\/wp\/v2\/posts\/8242\/revisions\/8244"}],"wp:featuredmedia":[{"embeddable":true,"href":"https:\/\/blogs.correiobraziliense.com.br\/lianasabo\/wp-json\/wp\/v2\/media\/8243"}],"wp:attachment":[{"href":"https:\/\/blogs.correiobraziliense.com.br\/lianasabo\/wp-json\/wp\/v2\/media?parent=8242"}],"wp:term":[{"taxonomy":"category","embeddable":true,"href":"https:\/\/blogs.correiobraziliense.com.br\/lianasabo\/wp-json\/wp\/v2\/categories?post=8242"},{"taxonomy":"post_tag","embeddable":true,"href":"https:\/\/blogs.correiobraziliense.com.br\/lianasabo\/wp-json\/wp\/v2\/tags?post=8242"}],"curies":[{"name":"wp","href":"https:\/\/api.w.org\/{rel}","templated":true}]}}