{"id":8215,"date":"2024-04-18T10:05:10","date_gmt":"2024-04-18T13:05:10","guid":{"rendered":"https:\/\/blogs.correiobraziliense.com.br\/lianasabo\/?p=8215"},"modified":"2024-04-18T12:24:17","modified_gmt":"2024-04-18T15:24:17","slug":"vinicola-brasilia-abre-as-portas-para-o-publico","status":"publish","type":"post","link":"https:\/\/blogs.correiobraziliense.com.br\/lianasabo\/vinicola-brasilia-abre-as-portas-para-o-publico\/","title":{"rendered":"Vin\u00edcola Bras\u00edlia abre as portas para o p\u00fablico"},"content":{"rendered":"<p><em>A inaugura\u00e7\u00e3o geral ser\u00e1 no anivers\u00e1rio de Bras\u00edlia, em 21 de abril. Na oportunidade, o p\u00fablico poder\u00e1 conhecer os novos r\u00f3tulos produzidos pelo empreendimento<\/em><\/p>\n<p>A expans\u00e3o da vitivinicultura no Distrito Federal tem feito com que os olhares do pa\u00eds se voltem para os vinhos da cidade. Visando fomentar ainda mais esse cen\u00e1rio nasceu a <a href=\"https:\/\/blogs.correiobraziliense.com.br\/lianasabo\/vinicola-brasilia-sera-ponto-de-visitacao-e-apoio-da-feira-expovitis-brasil\/\">Vin\u00edcola Bras\u00edlia<\/a>, um empreendimento composto por 10 vinhedos da cidade Casa Vitor, Ercoara, Horus, Marchese, Miro, Monte Alvor, Oma Sena, Alto Cerrado, Villa Triacca e Vista da Mata, com equipamentos e maquin\u00e1rios de uso comum para a produ\u00e7\u00e3o de vinhos.<\/p>\n<figure id=\"attachment_8217\" aria-describedby=\"caption-attachment-8217\" style=\"width: 800px\" class=\"wp-caption aligncenter\"><a href=\"https:\/\/blogs.correiobraziliense.com.br\/lianasabo\/wp-content\/uploads\/sites\/25\/2024\/04\/Divulga\u00e7\u00e3o-Alberto-Ruy-2.jpg\"><img loading=\"lazy\" decoding=\"async\" class=\"size-full wp-image-8217\" src=\"https:\/\/blogs.correiobraziliense.com.br\/lianasabo\/wp-content\/uploads\/sites\/25\/2024\/04\/Divulga\u00e7\u00e3o-Alberto-Ruy-2.jpg\" alt=\"\" width=\"800\" height=\"533\" srcset=\"https:\/\/blogs.correiobraziliense.com.br\/lianasabo\/wp-content\/uploads\/sites\/25\/2024\/04\/Divulga\u00e7\u00e3o-Alberto-Ruy-2.jpg 800w, https:\/\/blogs.correiobraziliense.com.br\/lianasabo\/wp-content\/uploads\/sites\/25\/2024\/04\/Divulga\u00e7\u00e3o-Alberto-Ruy-2-300x200.jpg 300w, https:\/\/blogs.correiobraziliense.com.br\/lianasabo\/wp-content\/uploads\/sites\/25\/2024\/04\/Divulga\u00e7\u00e3o-Alberto-Ruy-2-768x512.jpg 768w, https:\/\/blogs.correiobraziliense.com.br\/lianasabo\/wp-content\/uploads\/sites\/25\/2024\/04\/Divulga\u00e7\u00e3o-Alberto-Ruy-2-550x366.jpg 550w, https:\/\/blogs.correiobraziliense.com.br\/lianasabo\/wp-content\/uploads\/sites\/25\/2024\/04\/Divulga\u00e7\u00e3o-Alberto-Ruy-2-230x153.jpg 230w\" sizes=\"auto, (max-width: 800px) 100vw, 800px\" \/><\/a><figcaption id=\"caption-attachment-8217\" class=\"wp-caption-text\">Cr\u00e9dito: Alberto Ruy\/Divulga\u00e7\u00e3o. A Vin\u00edcola Bras\u00edlia re\u00fane produtores de 10 vinhedos locais<\/figcaption><\/figure>\n<p>A partir de 21 de abril, o espa\u00e7o, localizado no PDADF, estar\u00e1 aberto ao p\u00fablico, com a apresenta\u00e7\u00e3o de cinco novos r\u00f3tulos, al\u00e9m do aclamado Vinho Monumental Syrah, lan\u00e7ado em 2023 e reconhecido como um dos 16 vinhos mais representativos na Avalia\u00e7\u00e3o Nacional de Vinhos da safra do mesmo ano em Bento Gon\u00e7alves, Rio Grande do Sul.<\/p>\n<p>Os outros r\u00f3tulos s\u00e3o: o Ros\u00e9 Pilotis, um blend das uvas Syrah e Tempranillo com aroma delicado de cereja, ameixa e ma\u00e7\u00e3; o Sauvignon Blanc Cobog\u00f3, vinho intenso e arom\u00e1tico com pera, mel\u00e3o, goiaba, figo e notas de arruda e broto de tomate; o Malbec Syrah Croqui, vinho tinto encorpado que harmoniza bem com carnes vermelha, su\u00edna, massas e queijos fortes; o Malbec Alvorada, vinho tinto encorpado amadurecido 18 meses em barricas de carvalho, com grande potencial de guarda; e o Syrah Alvorada, vinho tinto encorpado e amadurecido 12 meses em barricas de carvalho e f\u00e1cil de harmonizar com uma grande diversidade de pratos, em especial carnes, aves e queijos fortes e maturados.<\/p>\n<p>Para participar da inaugura\u00e7\u00e3o \u00e9 preciso adquirir o ingresso que custa R$ 440 (por pessoa), \u00e0 venda no <a href=\"https:\/\/www.wine-locals.com\/passeios\/inauguracao-da-vinicola-brasilia\">site<\/a>. O evento ser\u00e1 das 16h \u00e0s 20h, com direito a visita guiada, vinhos da Vin\u00edcola Bras\u00edlia, buf\u00ea Sweet Cake e \u00e1gua. N\u00e3o est\u00e1 inclusa a degusta\u00e7\u00e3o do Vinho Monumental.<\/p>\n<p>\u201cAl\u00e9m de produzir vinhos excepcionais, a Vin\u00edcola Bras\u00edlia est\u00e1 comprometida em oferecer experi\u00eancias enotur\u00edsticas memor\u00e1veis para seus visitantes. Tours pelos vinhedos, degusta\u00e7\u00f5es guiadas, cursos de vinhos e eventos especiais est\u00e3o sendo cuidadosamente planejados para celebrar n\u00e3o apenas o vinho, mas tamb\u00e9m a rica heran\u00e7a cultural dos pioneiros que ajudaram a moldar a hist\u00f3ria da regi\u00e3o\u201d, enfatizam os s\u00f3cios.<\/p>\n","protected":false},"excerpt":{"rendered":"<p>A inaugura\u00e7\u00e3o geral ser\u00e1 no anivers\u00e1rio de Bras\u00edlia, em 21 de abril. Na oportunidade, o p\u00fablico poder\u00e1 conhecer os novos r\u00f3tulos produzidos pelo empreendimento<\/p>\n","protected":false},"author":54,"featured_media":8216,"comment_status":"open","ping_status":"open","sticky":false,"template":"","format":"standard","meta":{"footnotes":""},"categories":[222],"tags":[1057,1058,425,932],"class_list":["post-8215","post","type-post","status-publish","format-standard","has-post-thumbnail","hentry","category-vinhos","tag-inauguracao","tag-novos-rotulos","tag-vinhos","tag-vinicola-brasilia"],"_links":{"self":[{"href":"https:\/\/blogs.correiobraziliense.com.br\/lianasabo\/wp-json\/wp\/v2\/posts\/8215","targetHints":{"allow":["GET"]}}],"collection":[{"href":"https:\/\/blogs.correiobraziliense.com.br\/lianasabo\/wp-json\/wp\/v2\/posts"}],"about":[{"href":"https:\/\/blogs.correiobraziliense.com.br\/lianasabo\/wp-json\/wp\/v2\/types\/post"}],"author":[{"embeddable":true,"href":"https:\/\/blogs.correiobraziliense.com.br\/lianasabo\/wp-json\/wp\/v2\/users\/54"}],"replies":[{"embeddable":true,"href":"https:\/\/blogs.correiobraziliense.com.br\/lianasabo\/wp-json\/wp\/v2\/comments?post=8215"}],"version-history":[{"count":2,"href":"https:\/\/blogs.correiobraziliense.com.br\/lianasabo\/wp-json\/wp\/v2\/posts\/8215\/revisions"}],"predecessor-version":[{"id":8219,"href":"https:\/\/blogs.correiobraziliense.com.br\/lianasabo\/wp-json\/wp\/v2\/posts\/8215\/revisions\/8219"}],"wp:featuredmedia":[{"embeddable":true,"href":"https:\/\/blogs.correiobraziliense.com.br\/lianasabo\/wp-json\/wp\/v2\/media\/8216"}],"wp:attachment":[{"href":"https:\/\/blogs.correiobraziliense.com.br\/lianasabo\/wp-json\/wp\/v2\/media?parent=8215"}],"wp:term":[{"taxonomy":"category","embeddable":true,"href":"https:\/\/blogs.correiobraziliense.com.br\/lianasabo\/wp-json\/wp\/v2\/categories?post=8215"},{"taxonomy":"post_tag","embeddable":true,"href":"https:\/\/blogs.correiobraziliense.com.br\/lianasabo\/wp-json\/wp\/v2\/tags?post=8215"}],"curies":[{"name":"wp","href":"https:\/\/api.w.org\/{rel}","templated":true}]}}