{"id":8191,"date":"2024-04-11T21:20:45","date_gmt":"2024-04-12T00:20:45","guid":{"rendered":"https:\/\/blogs.correiobraziliense.com.br\/lianasabo\/?p=8191"},"modified":"2024-04-11T21:20:45","modified_gmt":"2024-04-12T00:20:45","slug":"novo-espaco-da-le-creuset-e-inaugurado-em-brasilia","status":"publish","type":"post","link":"https:\/\/blogs.correiobraziliense.com.br\/lianasabo\/novo-espaco-da-le-creuset-e-inaugurado-em-brasilia\/","title":{"rendered":"Novo espa\u00e7o da Le Creuset \u00e9 inaugurado em Bras\u00edlia"},"content":{"rendered":"<p><em>A marca, que j\u00e1 tinha duas unidades em shoppings da cidade, conta com uma \u00e1rea de exposi\u00e7\u00e3o dos produtos na loja All Kitchens, na Asa Sul<\/em><\/p>\n<p>As panelas de ferro coloridas da marca Le Creuset ganharam mais um espa\u00e7o para serem adquiridas na capital federal. Os produtos agora integram a loja de eletrodom\u00e9sticos e utens\u00edlios de cozinha All Kitchens, na 211 Sul. O novo espa\u00e7o se junta as duas unidades da marca j\u00e1 dispon\u00edveis em shoppings da cidade: ParkShopping e Bras\u00edlia Shopping.<\/p>\n<p>O lan\u00e7amento ocorreu na \u00faltima quarta-feira (10) com a presen\u00e7a de convidados, buf\u00ea Rio 40\u00ba e apresenta\u00e7\u00e3o de Pablo Fagundes e Marcos Moan. O evento marcou a uni\u00e3o das duas empresas de gastronomia premium.<\/p>\n<figure id=\"attachment_8193\" aria-describedby=\"caption-attachment-8193\" style=\"width: 800px\" class=\"wp-caption aligncenter\"><a href=\"https:\/\/blogs.correiobraziliense.com.br\/lianasabo\/wp-content\/uploads\/sites\/25\/2024\/04\/MAR02782.jpg\"><img loading=\"lazy\" decoding=\"async\" class=\"size-full wp-image-8193\" src=\"https:\/\/blogs.correiobraziliense.com.br\/lianasabo\/wp-content\/uploads\/sites\/25\/2024\/04\/MAR02782.jpg\" alt=\"\" width=\"800\" height=\"533\" srcset=\"https:\/\/blogs.correiobraziliense.com.br\/lianasabo\/wp-content\/uploads\/sites\/25\/2024\/04\/MAR02782.jpg 800w, https:\/\/blogs.correiobraziliense.com.br\/lianasabo\/wp-content\/uploads\/sites\/25\/2024\/04\/MAR02782-300x200.jpg 300w, https:\/\/blogs.correiobraziliense.com.br\/lianasabo\/wp-content\/uploads\/sites\/25\/2024\/04\/MAR02782-768x512.jpg 768w, https:\/\/blogs.correiobraziliense.com.br\/lianasabo\/wp-content\/uploads\/sites\/25\/2024\/04\/MAR02782-550x366.jpg 550w, https:\/\/blogs.correiobraziliense.com.br\/lianasabo\/wp-content\/uploads\/sites\/25\/2024\/04\/MAR02782-230x153.jpg 230w\" sizes=\"auto, (max-width: 800px) 100vw, 800px\" \/><\/a><figcaption id=\"caption-attachment-8193\" class=\"wp-caption-text\">Cr\u00e9dito: Divulga\u00e7\u00e3o<\/figcaption><\/figure>\n<p>Estiveram presentes o propriet\u00e1rio da All Kitchens, Wallace Santos; o representante da Le Creuset, Mois\u00e9s Barbosa; CEO Latina Am\u00e9rica da Le Creuset, Alexandre Grifino; e a finaceiro CFO da Le Creuset, Juliana Fagundes.<\/p>\n","protected":false},"excerpt":{"rendered":"<p>A marca, que j\u00e1 tinha duas unidades em shoppings da cidade, conta com uma \u00e1rea de exposi\u00e7\u00e3o dos produtos na loja All Kitchens, na Asa Sul<\/p>\n","protected":false},"author":54,"featured_media":8192,"comment_status":"open","ping_status":"open","sticky":false,"template":"","format":"standard","meta":{"footnotes":""},"categories":[1046],"tags":[1048,1047,1049],"class_list":["post-8191","post","type-post","status-publish","format-standard","has-post-thumbnail","hentry","category-loja","tag-all-kitchens","tag-le-creuset","tag-panela"],"_links":{"self":[{"href":"https:\/\/blogs.correiobraziliense.com.br\/lianasabo\/wp-json\/wp\/v2\/posts\/8191","targetHints":{"allow":["GET"]}}],"collection":[{"href":"https:\/\/blogs.correiobraziliense.com.br\/lianasabo\/wp-json\/wp\/v2\/posts"}],"about":[{"href":"https:\/\/blogs.correiobraziliense.com.br\/lianasabo\/wp-json\/wp\/v2\/types\/post"}],"author":[{"embeddable":true,"href":"https:\/\/blogs.correiobraziliense.com.br\/lianasabo\/wp-json\/wp\/v2\/users\/54"}],"replies":[{"embeddable":true,"href":"https:\/\/blogs.correiobraziliense.com.br\/lianasabo\/wp-json\/wp\/v2\/comments?post=8191"}],"version-history":[{"count":1,"href":"https:\/\/blogs.correiobraziliense.com.br\/lianasabo\/wp-json\/wp\/v2\/posts\/8191\/revisions"}],"predecessor-version":[{"id":8194,"href":"https:\/\/blogs.correiobraziliense.com.br\/lianasabo\/wp-json\/wp\/v2\/posts\/8191\/revisions\/8194"}],"wp:featuredmedia":[{"embeddable":true,"href":"https:\/\/blogs.correiobraziliense.com.br\/lianasabo\/wp-json\/wp\/v2\/media\/8192"}],"wp:attachment":[{"href":"https:\/\/blogs.correiobraziliense.com.br\/lianasabo\/wp-json\/wp\/v2\/media?parent=8191"}],"wp:term":[{"taxonomy":"category","embeddable":true,"href":"https:\/\/blogs.correiobraziliense.com.br\/lianasabo\/wp-json\/wp\/v2\/categories?post=8191"},{"taxonomy":"post_tag","embeddable":true,"href":"https:\/\/blogs.correiobraziliense.com.br\/lianasabo\/wp-json\/wp\/v2\/tags?post=8191"}],"curies":[{"name":"wp","href":"https:\/\/api.w.org\/{rel}","templated":true}]}}