{"id":8175,"date":"2024-04-11T20:25:23","date_gmt":"2024-04-11T23:25:23","guid":{"rendered":"https:\/\/blogs.correiobraziliense.com.br\/lianasabo\/?p=8175"},"modified":"2024-04-11T20:31:13","modified_gmt":"2024-04-11T23:31:13","slug":"capital-expo-coffee-brasilia-recebe-evento-gratuito-voltado-para-o-cafe","status":"publish","type":"post","link":"https:\/\/blogs.correiobraziliense.com.br\/lianasabo\/capital-expo-coffee-brasilia-recebe-evento-gratuito-voltado-para-o-cafe\/","title":{"rendered":"Capital Expo Coffee: Bras\u00edlia recebe evento gratuito voltado para o caf\u00e9"},"content":{"rendered":"<p>De 19 a 21 de abril, Bras\u00edlia recebe o evento Capital Expo Coffee, no Jardim Urbano do Conjunto Nacional. Degusta\u00e7\u00e3o, feira, palestras e workshops marcam a programa\u00e7\u00e3o.<\/p>\n<p>Mais de 30 marcas locais e nacionais estar\u00e3o presentes com caf\u00e9s especiais. Temas como cafeicultura, ind\u00fastrias cafeeiras e cafeterias ser\u00e3o debatidos durante os tr\u00eas dias.<\/p>\n<p>A conven\u00e7\u00e3o ocorre sexta e s\u00e1bado, das 9h \u00e0s 22h, e domingo, das 12h \u00e0s 20h. A entrada \u00e9 gratuita.<\/p>\n","protected":false},"excerpt":{"rendered":"<p>De 19 a 21 de abril, Bras\u00edlia recebe o evento Capital Expo Coffee, no Jardim Urbano do Conjunto Nacional. Degusta\u00e7\u00e3o, feira, palestras e workshops marcam a programa\u00e7\u00e3o. Mais de 30 marcas locais e nacionais estar\u00e3o presentes com caf\u00e9s especiais. Temas como cafeicultura, ind\u00fastrias cafeeiras e cafeterias ser\u00e3o debatidos durante os tr\u00eas dias. A conven\u00e7\u00e3o ocorre sexta e s\u00e1bado, das 9h [&hellip;]<\/p>\n","protected":false},"author":54,"featured_media":8176,"comment_status":"open","ping_status":"open","sticky":false,"template":"","format":"standard","meta":{"footnotes":""},"categories":[486],"tags":[71,60,1042],"class_list":["post-8175","post","type-post","status-publish","format-standard","has-post-thumbnail","hentry","category-evento","tag-brasilia","tag-cafe","tag-capital-expo-coffee"],"_links":{"self":[{"href":"https:\/\/blogs.correiobraziliense.com.br\/lianasabo\/wp-json\/wp\/v2\/posts\/8175","targetHints":{"allow":["GET"]}}],"collection":[{"href":"https:\/\/blogs.correiobraziliense.com.br\/lianasabo\/wp-json\/wp\/v2\/posts"}],"about":[{"href":"https:\/\/blogs.correiobraziliense.com.br\/lianasabo\/wp-json\/wp\/v2\/types\/post"}],"author":[{"embeddable":true,"href":"https:\/\/blogs.correiobraziliense.com.br\/lianasabo\/wp-json\/wp\/v2\/users\/54"}],"replies":[{"embeddable":true,"href":"https:\/\/blogs.correiobraziliense.com.br\/lianasabo\/wp-json\/wp\/v2\/comments?post=8175"}],"version-history":[{"count":2,"href":"https:\/\/blogs.correiobraziliense.com.br\/lianasabo\/wp-json\/wp\/v2\/posts\/8175\/revisions"}],"predecessor-version":[{"id":8179,"href":"https:\/\/blogs.correiobraziliense.com.br\/lianasabo\/wp-json\/wp\/v2\/posts\/8175\/revisions\/8179"}],"wp:featuredmedia":[{"embeddable":true,"href":"https:\/\/blogs.correiobraziliense.com.br\/lianasabo\/wp-json\/wp\/v2\/media\/8176"}],"wp:attachment":[{"href":"https:\/\/blogs.correiobraziliense.com.br\/lianasabo\/wp-json\/wp\/v2\/media?parent=8175"}],"wp:term":[{"taxonomy":"category","embeddable":true,"href":"https:\/\/blogs.correiobraziliense.com.br\/lianasabo\/wp-json\/wp\/v2\/categories?post=8175"},{"taxonomy":"post_tag","embeddable":true,"href":"https:\/\/blogs.correiobraziliense.com.br\/lianasabo\/wp-json\/wp\/v2\/tags?post=8175"}],"curies":[{"name":"wp","href":"https:\/\/api.w.org\/{rel}","templated":true}]}}