{"id":8164,"date":"2024-04-05T06:03:49","date_gmt":"2024-04-05T09:03:49","guid":{"rendered":"https:\/\/blogs.correiobraziliense.com.br\/lianasabo\/?p=8164"},"modified":"2024-04-04T22:31:32","modified_gmt":"2024-04-05T01:31:32","slug":"dog-do-eixo-tem-franquia-no-guara-ii","status":"publish","type":"post","link":"https:\/\/blogs.correiobraziliense.com.br\/lianasabo\/dog-do-eixo-tem-franquia-no-guara-ii\/","title":{"rendered":"Dog do Eixo tem franquia no Guar\u00e1 II"},"content":{"rendered":"<p><em>Marca de cachorro-quente aposta na variedade da iguaria e dia promocional<\/em><\/p>\n<p>Adorado pelos brasilienses, o cachorro-quente \u00e9 quase um prato t\u00edpico da cidade. E o que n\u00e3o faltam s\u00e3o op\u00e7\u00f5es para apreciar a iguaria na capital. No Guar\u00e1 II fica uma das franquias do Dog do Eixo. Como o pr\u00f3prio nome diz, a especialidade da casa \u00e9 o hot dog. No card\u00e1pio, a variedade \u00e9 grande e a receita pode ser servida com frango ou salsicha.<\/p>\n<figure id=\"attachment_8166\" aria-describedby=\"caption-attachment-8166\" style=\"width: 240px\" class=\"wp-caption alignright\"><a href=\"https:\/\/blogs.correiobraziliense.com.br\/lianasabo\/wp-content\/uploads\/sites\/25\/2024\/04\/WhatsApp-Image-2024-03-26-at-2.36.09-PM.jpeg\"><img loading=\"lazy\" decoding=\"async\" class=\"wp-image-8166 size-medium\" src=\"https:\/\/blogs.correiobraziliense.com.br\/lianasabo\/wp-content\/uploads\/sites\/25\/2024\/04\/WhatsApp-Image-2024-03-26-at-2.36.09-PM-240x300.jpeg\" alt=\"\" width=\"240\" height=\"300\" srcset=\"https:\/\/blogs.correiobraziliense.com.br\/lianasabo\/wp-content\/uploads\/sites\/25\/2024\/04\/WhatsApp-Image-2024-03-26-at-2.36.09-PM-240x300.jpeg 240w, https:\/\/blogs.correiobraziliense.com.br\/lianasabo\/wp-content\/uploads\/sites\/25\/2024\/04\/WhatsApp-Image-2024-03-26-at-2.36.09-PM-768x959.jpeg 768w, https:\/\/blogs.correiobraziliense.com.br\/lianasabo\/wp-content\/uploads\/sites\/25\/2024\/04\/WhatsApp-Image-2024-03-26-at-2.36.09-PM.jpeg 800w, https:\/\/blogs.correiobraziliense.com.br\/lianasabo\/wp-content\/uploads\/sites\/25\/2024\/04\/WhatsApp-Image-2024-03-26-at-2.36.09-PM-550x687.jpeg 550w, https:\/\/blogs.correiobraziliense.com.br\/lianasabo\/wp-content\/uploads\/sites\/25\/2024\/04\/WhatsApp-Image-2024-03-26-at-2.36.09-PM-230x287.jpeg 230w\" sizes=\"auto, (max-width: 240px) 100vw, 240px\" \/><\/a><figcaption id=\"caption-attachment-8166\" class=\"wp-caption-text\">Cr\u00e9dito: Dog do Eixo\/Divulga\u00e7\u00e3o<\/figcaption><\/figure>\n<p>O queridinho dos clientes \u00e9 o cheddar bacon (R$ 14,90, simples, e R$ 17,90, duplo). A receita conta com p\u00e3o de leite ninho macio recheado com salsicha, cheddar cremoso, milho verde, bacon em cubos e batata palha crocante, e ainda d\u00e1 para escolher entre o creme de alho e a maionese defumada.<\/p>\n<p>Toda quinta-feira tem promo\u00e7\u00e3o para quem vai \u00e0 loja f\u00edsica: comprando um cachorro quente no molho, o cliente ganha outro igual por apenas R$ 14,90. Trata-se da receita tradicional de p\u00e3o de leite ninho macio com salsicha, mu\u00e7arela derretida, molho de tomate, milho verde e batata palha. Tamb\u00e9m d\u00e1 para acrescentar creme de alho ou maionese defumada.<\/p>\n<p>Funciona todos os dias, das 17h \u00e0s 22h30, na QI 33 Cl bloco A Loja 15. A loja tamb\u00e9m est\u00e1 dispon\u00edvel para delivery no ifood.<\/p>\n","protected":false},"excerpt":{"rendered":"<p>Marca de cachorro-quente aposta na variedade da iguaria e dia promocional<\/p>\n","protected":false},"author":54,"featured_media":8165,"comment_status":"open","ping_status":"open","sticky":false,"template":"","format":"standard","meta":{"footnotes":""},"categories":[326],"tags":[724,1040,1041],"class_list":["post-8164","post","type-post","status-publish","format-standard","has-post-thumbnail","hentry","category-restaurantes","tag-cachorro-quente","tag-dog-do-eixo","tag-hot-dog"],"_links":{"self":[{"href":"https:\/\/blogs.correiobraziliense.com.br\/lianasabo\/wp-json\/wp\/v2\/posts\/8164","targetHints":{"allow":["GET"]}}],"collection":[{"href":"https:\/\/blogs.correiobraziliense.com.br\/lianasabo\/wp-json\/wp\/v2\/posts"}],"about":[{"href":"https:\/\/blogs.correiobraziliense.com.br\/lianasabo\/wp-json\/wp\/v2\/types\/post"}],"author":[{"embeddable":true,"href":"https:\/\/blogs.correiobraziliense.com.br\/lianasabo\/wp-json\/wp\/v2\/users\/54"}],"replies":[{"embeddable":true,"href":"https:\/\/blogs.correiobraziliense.com.br\/lianasabo\/wp-json\/wp\/v2\/comments?post=8164"}],"version-history":[{"count":3,"href":"https:\/\/blogs.correiobraziliense.com.br\/lianasabo\/wp-json\/wp\/v2\/posts\/8164\/revisions"}],"predecessor-version":[{"id":8170,"href":"https:\/\/blogs.correiobraziliense.com.br\/lianasabo\/wp-json\/wp\/v2\/posts\/8164\/revisions\/8170"}],"wp:featuredmedia":[{"embeddable":true,"href":"https:\/\/blogs.correiobraziliense.com.br\/lianasabo\/wp-json\/wp\/v2\/media\/8165"}],"wp:attachment":[{"href":"https:\/\/blogs.correiobraziliense.com.br\/lianasabo\/wp-json\/wp\/v2\/media?parent=8164"}],"wp:term":[{"taxonomy":"category","embeddable":true,"href":"https:\/\/blogs.correiobraziliense.com.br\/lianasabo\/wp-json\/wp\/v2\/categories?post=8164"},{"taxonomy":"post_tag","embeddable":true,"href":"https:\/\/blogs.correiobraziliense.com.br\/lianasabo\/wp-json\/wp\/v2\/tags?post=8164"}],"curies":[{"name":"wp","href":"https:\/\/api.w.org\/{rel}","templated":true}]}}