{"id":8106,"date":"2024-03-15T06:04:35","date_gmt":"2024-03-15T09:04:35","guid":{"rendered":"https:\/\/blogs.correiobraziliense.com.br\/lianasabo\/?p=8106"},"modified":"2024-03-14T21:41:37","modified_gmt":"2024-03-15T00:41:37","slug":"conheca-o-vinho-que-apareceu-em-cena-de-filme-vencedor-do-oscar","status":"publish","type":"post","link":"https:\/\/blogs.correiobraziliense.com.br\/lianasabo\/conheca-o-vinho-que-apareceu-em-cena-de-filme-vencedor-do-oscar\/","title":{"rendered":"Saiba mais sobre o vinho que aparece em cena de filme vencedor do Oscar"},"content":{"rendered":"<p><em>O r\u00f3tulo argentino Luigi Bosca Malbec foi trazido ao Brasil pela importadora Decanter<\/em><\/p>\n<p>Enorme alegria na vin\u00edcola argentina Luigi Bosca, em Mendoza. O Malbec, que \u00e9 trazido ao Brasil pela importadora Decanter, est\u00e1 em cena em uma das principais sequ\u00eancias do filme <em>Fic\u00e7\u00e3o Americana<\/em>, que disputou o pr\u00eamio m\u00e1ximo na festa do cinema americano.<\/p>\n<p>A obra conquistou o trof\u00e9u de melhor roteiro adaptado, enquanto o vinho foi, no m\u00ednimo, bem divulgado. \u201cO pre\u00e7o normal \u00e9 R$ 195, mas at\u00e9 o fim do m\u00eas Luigi Bosca Malbec sai em promo\u00e7\u00e3o por R$ 149\u201d, diz Caio Kenji, propriet\u00e1rio da loja Decanter, na 103 Sul.<\/p>\n","protected":false},"excerpt":{"rendered":"<p>O r\u00f3tulo argentino Luigi Bosca Malbec foi trazido ao Brasil pela importadora Decanter<\/p>\n","protected":false},"author":54,"featured_media":8107,"comment_status":"open","ping_status":"open","sticky":false,"template":"","format":"standard","meta":{"footnotes":""},"categories":[222],"tags":[316,1023,10,92],"class_list":["post-8106","post","type-post","status-publish","format-standard","has-post-thumbnail","hentry","category-vinhos","tag-decanter","tag-malbec","tag-oscar","tag-vinho"],"_links":{"self":[{"href":"https:\/\/blogs.correiobraziliense.com.br\/lianasabo\/wp-json\/wp\/v2\/posts\/8106","targetHints":{"allow":["GET"]}}],"collection":[{"href":"https:\/\/blogs.correiobraziliense.com.br\/lianasabo\/wp-json\/wp\/v2\/posts"}],"about":[{"href":"https:\/\/blogs.correiobraziliense.com.br\/lianasabo\/wp-json\/wp\/v2\/types\/post"}],"author":[{"embeddable":true,"href":"https:\/\/blogs.correiobraziliense.com.br\/lianasabo\/wp-json\/wp\/v2\/users\/54"}],"replies":[{"embeddable":true,"href":"https:\/\/blogs.correiobraziliense.com.br\/lianasabo\/wp-json\/wp\/v2\/comments?post=8106"}],"version-history":[{"count":2,"href":"https:\/\/blogs.correiobraziliense.com.br\/lianasabo\/wp-json\/wp\/v2\/posts\/8106\/revisions"}],"predecessor-version":[{"id":8109,"href":"https:\/\/blogs.correiobraziliense.com.br\/lianasabo\/wp-json\/wp\/v2\/posts\/8106\/revisions\/8109"}],"wp:featuredmedia":[{"embeddable":true,"href":"https:\/\/blogs.correiobraziliense.com.br\/lianasabo\/wp-json\/wp\/v2\/media\/8107"}],"wp:attachment":[{"href":"https:\/\/blogs.correiobraziliense.com.br\/lianasabo\/wp-json\/wp\/v2\/media?parent=8106"}],"wp:term":[{"taxonomy":"category","embeddable":true,"href":"https:\/\/blogs.correiobraziliense.com.br\/lianasabo\/wp-json\/wp\/v2\/categories?post=8106"},{"taxonomy":"post_tag","embeddable":true,"href":"https:\/\/blogs.correiobraziliense.com.br\/lianasabo\/wp-json\/wp\/v2\/tags?post=8106"}],"curies":[{"name":"wp","href":"https:\/\/api.w.org\/{rel}","templated":true}]}}