{"id":8039,"date":"2024-03-01T06:26:24","date_gmt":"2024-03-01T09:26:24","guid":{"rendered":"https:\/\/blogs.correiobraziliense.com.br\/lianasabo\/?p=8039"},"modified":"2024-02-29T23:38:31","modified_gmt":"2024-03-01T02:38:31","slug":"confira-a-agenda-gastronomica-para-os-meses-de-marco-abril-e-maio","status":"publish","type":"post","link":"https:\/\/blogs.correiobraziliense.com.br\/lianasabo\/confira-a-agenda-gastronomica-para-os-meses-de-marco-abril-e-maio\/","title":{"rendered":"Confira a agenda gastron\u00f4mica para os meses de mar\u00e7o, abril e maio"},"content":{"rendered":"<ul>\n<li>29\u00aa edi\u00e7\u00e3o da <a href=\"https:\/\/blogs.correiobraziliense.com.br\/lianasabo\/nova-edicao-do-restaurant-week-desembarca-em-brasilia-em-fevereiro\/\">Bras\u00edlia Restaurant Week<\/a> realizada em 134 casas at\u00e9 o dia 24 de mar\u00e7o. No destaque, a\u00e7orda de bacalhau da Taberna Lusitana<\/li>\n<\/ul>\n<figure id=\"attachment_8042\" aria-describedby=\"caption-attachment-8042\" style=\"width: 240px\" class=\"wp-caption alignright\"><a href=\"https:\/\/blogs.correiobraziliense.com.br\/lianasabo\/wp-content\/uploads\/sites\/25\/2024\/02\/C\u00f3pia-de-160923_MV_Panela-Candanga-017.jpg\"><img loading=\"lazy\" decoding=\"async\" class=\"size-medium wp-image-8042\" src=\"https:\/\/blogs.correiobraziliense.com.br\/lianasabo\/wp-content\/uploads\/sites\/25\/2024\/02\/C\u00f3pia-de-160923_MV_Panela-Candanga-017-240x300.jpg\" alt=\"\" width=\"240\" height=\"300\" srcset=\"https:\/\/blogs.correiobraziliense.com.br\/lianasabo\/wp-content\/uploads\/sites\/25\/2024\/02\/C\u00f3pia-de-160923_MV_Panela-Candanga-017-240x300.jpg 240w, https:\/\/blogs.correiobraziliense.com.br\/lianasabo\/wp-content\/uploads\/sites\/25\/2024\/02\/C\u00f3pia-de-160923_MV_Panela-Candanga-017-768x962.jpg 768w, https:\/\/blogs.correiobraziliense.com.br\/lianasabo\/wp-content\/uploads\/sites\/25\/2024\/02\/C\u00f3pia-de-160923_MV_Panela-Candanga-017.jpg 800w, https:\/\/blogs.correiobraziliense.com.br\/lianasabo\/wp-content\/uploads\/sites\/25\/2024\/02\/C\u00f3pia-de-160923_MV_Panela-Candanga-017-550x689.jpg 550w, https:\/\/blogs.correiobraziliense.com.br\/lianasabo\/wp-content\/uploads\/sites\/25\/2024\/02\/C\u00f3pia-de-160923_MV_Panela-Candanga-017-230x288.jpg 230w\" sizes=\"auto, (max-width: 240px) 100vw, 240px\" \/><\/a><figcaption id=\"caption-attachment-8042\" class=\"wp-caption-text\">Cr\u00e9dito: Panela Candanga\/Divulga\u00e7\u00e3o<\/figcaption><\/figure>\n<ul>\n<li>14\u00aa Panela Candanga no Casa Park ser\u00e1 de 7 a 10 de maio<\/li>\n<li>Nipo Festival dedicado \u00e0 cultura e sabores asi\u00e1ticos no Taguatinga Shopping ocorre entre os dias 8 e 10 de mar\u00e7o<\/li>\n<li>\u201cSomos todos Boteco\u201d \u00e9 o tema do concurso Comida di Buteco entre os dias 5 de abril a 21 de abril<\/li>\n<\/ul>\n<figure id=\"attachment_8040\" aria-describedby=\"caption-attachment-8040\" style=\"width: 263px\" class=\"wp-caption alignleft\"><a href=\"https:\/\/blogs.correiobraziliense.com.br\/lianasabo\/wp-content\/uploads\/sites\/25\/2024\/02\/08-DOM-FEV-P\u00c9SSA-FILMES-.png\"><img loading=\"lazy\" decoding=\"async\" class=\"wp-image-8040 size-medium\" src=\"https:\/\/blogs.correiobraziliense.com.br\/lianasabo\/wp-content\/uploads\/sites\/25\/2024\/02\/08-DOM-FEV-P\u00c9SSA-FILMES--263x300.png\" alt=\"\" width=\"263\" height=\"300\" srcset=\"https:\/\/blogs.correiobraziliense.com.br\/lianasabo\/wp-content\/uploads\/sites\/25\/2024\/02\/08-DOM-FEV-P\u00c9SSA-FILMES--263x300.png 263w, https:\/\/blogs.correiobraziliense.com.br\/lianasabo\/wp-content\/uploads\/sites\/25\/2024\/02\/08-DOM-FEV-P\u00c9SSA-FILMES--768x875.png 768w, https:\/\/blogs.correiobraziliense.com.br\/lianasabo\/wp-content\/uploads\/sites\/25\/2024\/02\/08-DOM-FEV-P\u00c9SSA-FILMES-.png 800w, https:\/\/blogs.correiobraziliense.com.br\/lianasabo\/wp-content\/uploads\/sites\/25\/2024\/02\/08-DOM-FEV-P\u00c9SSA-FILMES--550x626.png 550w, https:\/\/blogs.correiobraziliense.com.br\/lianasabo\/wp-content\/uploads\/sites\/25\/2024\/02\/08-DOM-FEV-P\u00c9SSA-FILMES--230x262.png 230w\" sizes=\"auto, (max-width: 263px) 100vw, 263px\" \/><\/a><figcaption id=\"caption-attachment-8040\" class=\"wp-caption-text\">Cr\u00e9dito: P\u00e9ssa Filmes\/Divulga\u00e7\u00e3o<\/figcaption><\/figure>\n<ul>\n<li>Festival Na Brasa Dom Francisco chega ao jantar das unidades Asbac e 402 Sul de 1\u00ba a 28 de mar\u00e7o<\/li>\n<li>Pr\u00eamio CNA Brasil Artesanal 2024 abre inscri\u00e7\u00f5es para concurso de caf\u00e9s especiais torrados para produtores rurais em todo o Brasil at\u00e9 o dia 23 de abril<\/li>\n<li>18\u00aa edi\u00e7\u00e3o do Festival Brasil Sabor promovido pela Abrasel entre os dias 16 de maio e 2 de junho<\/li>\n<li>Quarta edi\u00e7\u00e3o do Brasas Festival no estacionamento 3 do Parque da Cidade no domingo 26 de maio<\/li>\n<\/ul>\n","protected":false},"excerpt":{"rendered":"<p>29\u00aa edi\u00e7\u00e3o da Bras\u00edlia Restaurant Week realizada em 134 casas at\u00e9 o dia 24 de mar\u00e7o. No destaque, a\u00e7orda de bacalhau da Taberna Lusitana 14\u00aa Panela Candanga no Casa Park ser\u00e1 de 7 a 10 de maio Nipo Festival dedicado \u00e0 cultura e sabores asi\u00e1ticos no Taguatinga Shopping ocorre entre os dias 8 e 10 de mar\u00e7o \u201cSomos todos Boteco\u201d [&hellip;]<\/p>\n","protected":false},"author":54,"featured_media":8041,"comment_status":"open","ping_status":"open","sticky":false,"template":"","format":"standard","meta":{"footnotes":""},"categories":[486],"tags":[1005],"class_list":["post-8039","post","type-post","status-publish","format-standard","has-post-thumbnail","hentry","category-evento","tag-agenda-gastronomica"],"_links":{"self":[{"href":"https:\/\/blogs.correiobraziliense.com.br\/lianasabo\/wp-json\/wp\/v2\/posts\/8039","targetHints":{"allow":["GET"]}}],"collection":[{"href":"https:\/\/blogs.correiobraziliense.com.br\/lianasabo\/wp-json\/wp\/v2\/posts"}],"about":[{"href":"https:\/\/blogs.correiobraziliense.com.br\/lianasabo\/wp-json\/wp\/v2\/types\/post"}],"author":[{"embeddable":true,"href":"https:\/\/blogs.correiobraziliense.com.br\/lianasabo\/wp-json\/wp\/v2\/users\/54"}],"replies":[{"embeddable":true,"href":"https:\/\/blogs.correiobraziliense.com.br\/lianasabo\/wp-json\/wp\/v2\/comments?post=8039"}],"version-history":[{"count":1,"href":"https:\/\/blogs.correiobraziliense.com.br\/lianasabo\/wp-json\/wp\/v2\/posts\/8039\/revisions"}],"predecessor-version":[{"id":8043,"href":"https:\/\/blogs.correiobraziliense.com.br\/lianasabo\/wp-json\/wp\/v2\/posts\/8039\/revisions\/8043"}],"wp:featuredmedia":[{"embeddable":true,"href":"https:\/\/blogs.correiobraziliense.com.br\/lianasabo\/wp-json\/wp\/v2\/media\/8041"}],"wp:attachment":[{"href":"https:\/\/blogs.correiobraziliense.com.br\/lianasabo\/wp-json\/wp\/v2\/media?parent=8039"}],"wp:term":[{"taxonomy":"category","embeddable":true,"href":"https:\/\/blogs.correiobraziliense.com.br\/lianasabo\/wp-json\/wp\/v2\/categories?post=8039"},{"taxonomy":"post_tag","embeddable":true,"href":"https:\/\/blogs.correiobraziliense.com.br\/lianasabo\/wp-json\/wp\/v2\/tags?post=8039"}],"curies":[{"name":"wp","href":"https:\/\/api.w.org\/{rel}","templated":true}]}}