{"id":8011,"date":"2024-02-16T06:00:51","date_gmt":"2024-02-16T09:00:51","guid":{"rendered":"https:\/\/blogs.correiobraziliense.com.br\/lianasabo\/?p=8011"},"modified":"2024-02-15T18:22:54","modified_gmt":"2024-02-15T21:22:54","slug":"seis-rotulos-celebram-os-150-anos-da-imigracao-italiana-no-brasil","status":"publish","type":"post","link":"https:\/\/blogs.correiobraziliense.com.br\/lianasabo\/seis-rotulos-celebram-os-150-anos-da-imigracao-italiana-no-brasil\/","title":{"rendered":"Seis r\u00f3tulos celebram os 150 anos da imigra\u00e7\u00e3o italiana no Brasil"},"content":{"rendered":"<p><em>Os vinhos ser\u00e3o apresentados em a\u00e7\u00e3o na Embaixada do Brasil no It\u00e1lia<\/em><\/p>\n<p>A Embaixada do Brasil na It\u00e1lia selecionou seis vinhos da marca Miolo para brindar os 150 anos da imigra\u00e7\u00e3o italiana no Brasil. Os r\u00f3tulos escolhidos foram Millesime Brut, Cuv\u00e9e Giuseppe Merlot\/Cabernet Sauvignon, Cuv\u00e9e Giuseppe Chardonnay, Reserva Cabernet Sauvignon, Reserva Tannat e Reserva Malbec.<\/p>\n<p>As bebidas far\u00e3o parte da carta de bebidas dos jantares marcados para 21 e 22 de fevereiro, em Roma. No dia 21 ser\u00e1 servido um menu \u00edtalo-brasileiro no Pal\u00e1cio Pamphilj. As receitas t\u00eam como inspira\u00e7\u00e3o a tradi\u00e7\u00e3o italiana. Os pratos s\u00e3o de autoria dos chefs Antonio Maiolica e Pasquale Mancini que atuar\u00e3o em parceria com brasileiros da cozinha da Embaixada, o brasiliense Bruno Rappel e Wagner Porto Almeida.<\/p>\n<p>J\u00e1 no dia 22 ser\u00e1 a vez da delega\u00e7\u00e3o de S\u00e3o Paulo da Accademia Italiana della Cucina em conjunto com a delega\u00e7\u00e3o de Roma Aurelia, dirigida por Salvatore Di Giulio, servir o mesmo menu \u00edtalo-brasileiro, no tradicional restaurante romano, Osteria Palmira, do chef Claudio Rocchi.<\/p>\n<p>&#8220;O Dia Nacional do Imigrante Italiano, celebrado no Brasil em 21 de fevereiro, remonta \u00e0 expedi\u00e7\u00e3o de Pietro Tabacchi, que atracou com o navio La Sofia nessa data, em 1874, no estado do Esp\u00edrito Santo, com 380 fam\u00edlias, marcando simbolicamente o in\u00edcio do processo de imigra\u00e7\u00e3o italiana\u201d, destaca o embaixador brasileiro em Roma, Renato Mosca, anfitri\u00e3o dos encontros.<\/p>\n","protected":false},"excerpt":{"rendered":"<p>Os vinhos ser\u00e3o apresentados em a\u00e7\u00e3o na Embaixada do Brasil no It\u00e1lia<\/p>\n","protected":false},"author":54,"featured_media":8012,"comment_status":"open","ping_status":"open","sticky":false,"template":"","format":"standard","meta":{"footnotes":""},"categories":[222],"tags":[874,998,628,997,425],"class_list":["post-8011","post","type-post","status-publish","format-standard","has-post-thumbnail","hentry","category-vinhos","tag-embaixada","tag-imigracao-italiana-no-brasil","tag-italia","tag-miolo","tag-vinhos"],"_links":{"self":[{"href":"https:\/\/blogs.correiobraziliense.com.br\/lianasabo\/wp-json\/wp\/v2\/posts\/8011","targetHints":{"allow":["GET"]}}],"collection":[{"href":"https:\/\/blogs.correiobraziliense.com.br\/lianasabo\/wp-json\/wp\/v2\/posts"}],"about":[{"href":"https:\/\/blogs.correiobraziliense.com.br\/lianasabo\/wp-json\/wp\/v2\/types\/post"}],"author":[{"embeddable":true,"href":"https:\/\/blogs.correiobraziliense.com.br\/lianasabo\/wp-json\/wp\/v2\/users\/54"}],"replies":[{"embeddable":true,"href":"https:\/\/blogs.correiobraziliense.com.br\/lianasabo\/wp-json\/wp\/v2\/comments?post=8011"}],"version-history":[{"count":2,"href":"https:\/\/blogs.correiobraziliense.com.br\/lianasabo\/wp-json\/wp\/v2\/posts\/8011\/revisions"}],"predecessor-version":[{"id":8019,"href":"https:\/\/blogs.correiobraziliense.com.br\/lianasabo\/wp-json\/wp\/v2\/posts\/8011\/revisions\/8019"}],"wp:featuredmedia":[{"embeddable":true,"href":"https:\/\/blogs.correiobraziliense.com.br\/lianasabo\/wp-json\/wp\/v2\/media\/8012"}],"wp:attachment":[{"href":"https:\/\/blogs.correiobraziliense.com.br\/lianasabo\/wp-json\/wp\/v2\/media?parent=8011"}],"wp:term":[{"taxonomy":"category","embeddable":true,"href":"https:\/\/blogs.correiobraziliense.com.br\/lianasabo\/wp-json\/wp\/v2\/categories?post=8011"},{"taxonomy":"post_tag","embeddable":true,"href":"https:\/\/blogs.correiobraziliense.com.br\/lianasabo\/wp-json\/wp\/v2\/tags?post=8011"}],"curies":[{"name":"wp","href":"https:\/\/api.w.org\/{rel}","templated":true}]}}