{"id":8008,"date":"2024-01-31T06:38:00","date_gmt":"2024-01-31T09:38:00","guid":{"rendered":"https:\/\/blogs.correiobraziliense.com.br\/lianasabo\/?p=8008"},"modified":"2024-02-01T07:17:59","modified_gmt":"2024-02-01T10:17:59","slug":"nova-edicao-do-restaurant-week-desembarca-em-brasilia-em-fevereiro","status":"publish","type":"post","link":"https:\/\/blogs.correiobraziliense.com.br\/lianasabo\/nova-edicao-do-restaurant-week-desembarca-em-brasilia-em-fevereiro\/","title":{"rendered":"Nova edi\u00e7\u00e3o do Restaurant Week desembarca em Bras\u00edlia em fevereiro"},"content":{"rendered":"<p><em>O festival segue at\u00e9 24 de mar\u00e7o com a participa\u00e7\u00e3o dos principais estabelecimentos da cidade<\/em><\/p>\n<p>O Restaurant Week chega \u00e0 29\u00aa edi\u00e7\u00e3o em Bras\u00edlia. O festival estreia em 23 de fevereiro e segue at\u00e9 24 de mar\u00e7o na cidade. Ao todo, s\u00e3o esperados 120 restaurantes participantes da programa\u00e7\u00e3o.<\/p>\n<p>Entre os nomes j\u00e1 confirmados est\u00e3o as casas Villa Tevere, Doma Rooftop, Zante Taverna Grega, Raiz Caipira, Nau, Mezanino, Bla&#8217;s, Mercado del Puerto BSB, Sagres e Istambul.<\/p>\n","protected":false},"excerpt":{"rendered":"<p>O festival segue at\u00e9 24 de mar\u00e7o com a participa\u00e7\u00e3o dos principais estabelecimentos da cidade O Restaurant Week chega \u00e0 29\u00aa edi\u00e7\u00e3o em Bras\u00edlia. O festival estreia em 23 de fevereiro e segue at\u00e9 24 de mar\u00e7o na cidade. Ao todo, s\u00e3o esperados 120 restaurantes participantes da programa\u00e7\u00e3o. Entre os nomes j\u00e1 confirmados est\u00e3o as casas Villa Tevere, Doma Rooftop, [&hellip;]<\/p>\n","protected":false},"author":54,"featured_media":5938,"comment_status":"open","ping_status":"open","sticky":false,"template":"","format":"standard","meta":{"footnotes":""},"categories":[201],"tags":[54,202],"class_list":["post-8008","post","type-post","status-publish","format-standard","has-post-thumbnail","hentry","category-festival","tag-festival","tag-restaurant-week"],"_links":{"self":[{"href":"https:\/\/blogs.correiobraziliense.com.br\/lianasabo\/wp-json\/wp\/v2\/posts\/8008","targetHints":{"allow":["GET"]}}],"collection":[{"href":"https:\/\/blogs.correiobraziliense.com.br\/lianasabo\/wp-json\/wp\/v2\/posts"}],"about":[{"href":"https:\/\/blogs.correiobraziliense.com.br\/lianasabo\/wp-json\/wp\/v2\/types\/post"}],"author":[{"embeddable":true,"href":"https:\/\/blogs.correiobraziliense.com.br\/lianasabo\/wp-json\/wp\/v2\/users\/54"}],"replies":[{"embeddable":true,"href":"https:\/\/blogs.correiobraziliense.com.br\/lianasabo\/wp-json\/wp\/v2\/comments?post=8008"}],"version-history":[{"count":1,"href":"https:\/\/blogs.correiobraziliense.com.br\/lianasabo\/wp-json\/wp\/v2\/posts\/8008\/revisions"}],"predecessor-version":[{"id":8009,"href":"https:\/\/blogs.correiobraziliense.com.br\/lianasabo\/wp-json\/wp\/v2\/posts\/8008\/revisions\/8009"}],"wp:featuredmedia":[{"embeddable":true,"href":"https:\/\/blogs.correiobraziliense.com.br\/lianasabo\/wp-json\/wp\/v2\/media\/5938"}],"wp:attachment":[{"href":"https:\/\/blogs.correiobraziliense.com.br\/lianasabo\/wp-json\/wp\/v2\/media?parent=8008"}],"wp:term":[{"taxonomy":"category","embeddable":true,"href":"https:\/\/blogs.correiobraziliense.com.br\/lianasabo\/wp-json\/wp\/v2\/categories?post=8008"},{"taxonomy":"post_tag","embeddable":true,"href":"https:\/\/blogs.correiobraziliense.com.br\/lianasabo\/wp-json\/wp\/v2\/tags?post=8008"}],"curies":[{"name":"wp","href":"https:\/\/api.w.org\/{rel}","templated":true}]}}