{"id":7975,"date":"2024-01-05T06:10:53","date_gmt":"2024-01-05T09:10:53","guid":{"rendered":"https:\/\/blogs.correiobraziliense.com.br\/lianasabo\/?p=7975"},"modified":"2024-01-04T13:38:34","modified_gmt":"2024-01-04T16:38:34","slug":"mercado-de-vinhos-do-df-registra-aumento-nas-vendas-em-2023","status":"publish","type":"post","link":"https:\/\/blogs.correiobraziliense.com.br\/lianasabo\/mercado-de-vinhos-do-df-registra-aumento-nas-vendas-em-2023\/","title":{"rendered":"Mercado de vinhos do DF registra aumento nas vendas em 2023"},"content":{"rendered":"<p>Mais uma vez o mercado de vinhos da cidade registrou altos \u00edndices de venda em 2023. Teve espa\u00e7o para org\u00e2nicos, biodin\u00e2micos e at\u00e9 naturais, cuja procura embora ainda pequena, prova que n\u00e3o \u00e9 uma moda passageira. Nada, por\u00e9m, se comparou com o sucesso do florescente vinho do cerrado. Foi justamente aqui no Distrito Federal que ocorreu uma verdadeira epifania: tintos, como Sirah, foram reconhecidos at\u00e9 em avalia\u00e7\u00e3o \u00e0s cegas.<\/p>\n<p>Cerca de 20 vin\u00edcolas da regi\u00e3o participaram em Piren\u00f3polis de um concurso de vinhos do cerrado, no qual obtiveram a nota m\u00e1xima de 91,50 pontos tr\u00eas exemplares candangos: Seu Claudino, primeiro vinho brasiliense produzido pela Villa Triacca; Mana Syrah, da Ercoara e Vern\u00e1culo, da Oma Sena. As tr\u00eas integram o cons\u00f3rcio de dez viticultores que construiu a Vin\u00edcola Bras\u00edlia, da qual fazem parte ainda Alto Cerrado, Casa Vitor, Horus, Marchese, Miro, Monte Alvor e Vista da Mata.<\/p>\n","protected":false},"excerpt":{"rendered":"<p>Mercado de vinhos do DF registra aumento nas vendas em 2023<\/p>\n","protected":false},"author":54,"featured_media":7976,"comment_status":"open","ping_status":"open","sticky":false,"template":"","format":"standard","meta":{"footnotes":""},"categories":[222],"tags":[425,932],"class_list":["post-7975","post","type-post","status-publish","format-standard","has-post-thumbnail","hentry","category-vinhos","tag-vinhos","tag-vinicola-brasilia"],"_links":{"self":[{"href":"https:\/\/blogs.correiobraziliense.com.br\/lianasabo\/wp-json\/wp\/v2\/posts\/7975","targetHints":{"allow":["GET"]}}],"collection":[{"href":"https:\/\/blogs.correiobraziliense.com.br\/lianasabo\/wp-json\/wp\/v2\/posts"}],"about":[{"href":"https:\/\/blogs.correiobraziliense.com.br\/lianasabo\/wp-json\/wp\/v2\/types\/post"}],"author":[{"embeddable":true,"href":"https:\/\/blogs.correiobraziliense.com.br\/lianasabo\/wp-json\/wp\/v2\/users\/54"}],"replies":[{"embeddable":true,"href":"https:\/\/blogs.correiobraziliense.com.br\/lianasabo\/wp-json\/wp\/v2\/comments?post=7975"}],"version-history":[{"count":1,"href":"https:\/\/blogs.correiobraziliense.com.br\/lianasabo\/wp-json\/wp\/v2\/posts\/7975\/revisions"}],"predecessor-version":[{"id":7977,"href":"https:\/\/blogs.correiobraziliense.com.br\/lianasabo\/wp-json\/wp\/v2\/posts\/7975\/revisions\/7977"}],"wp:featuredmedia":[{"embeddable":true,"href":"https:\/\/blogs.correiobraziliense.com.br\/lianasabo\/wp-json\/wp\/v2\/media\/7976"}],"wp:attachment":[{"href":"https:\/\/blogs.correiobraziliense.com.br\/lianasabo\/wp-json\/wp\/v2\/media?parent=7975"}],"wp:term":[{"taxonomy":"category","embeddable":true,"href":"https:\/\/blogs.correiobraziliense.com.br\/lianasabo\/wp-json\/wp\/v2\/categories?post=7975"},{"taxonomy":"post_tag","embeddable":true,"href":"https:\/\/blogs.correiobraziliense.com.br\/lianasabo\/wp-json\/wp\/v2\/tags?post=7975"}],"curies":[{"name":"wp","href":"https:\/\/api.w.org\/{rel}","templated":true}]}}