{"id":7972,"date":"2024-01-05T06:08:32","date_gmt":"2024-01-05T09:08:32","guid":{"rendered":"https:\/\/blogs.correiobraziliense.com.br\/lianasabo\/?p=7972"},"modified":"2024-01-04T13:36:13","modified_gmt":"2024-01-04T16:36:13","slug":"vinicola-brasilia-sera-ponto-de-visitacao-e-apoio-da-feira-expovitis-brasil","status":"publish","type":"post","link":"https:\/\/blogs.correiobraziliense.com.br\/lianasabo\/vinicola-brasilia-sera-ponto-de-visitacao-e-apoio-da-feira-expovitis-brasil\/","title":{"rendered":"Vin\u00edcola Bras\u00edlia ser\u00e1 ponto de visita\u00e7\u00e3o e apoio da feira Expovitis Brasil"},"content":{"rendered":"<p><em>O empreendimento de vinhos do Cerrado ser\u00e1 inaugurado no anivers\u00e1rio de Bras\u00edlia deste ano, em 21 de abril<\/em><\/p>\n<p>A Vin\u00edcola Bras\u00edlia, que ser\u00e1 inaugurada no pr\u00f3ximo anivers\u00e1rio da cidade, 21 de abril, vai ser um ponto de visita\u00e7\u00e3o e apoio da Expovitis Brasil \u2013 Feira Nacional de Viticultura, Enologia e Enoturismo, prevista para se realizar entre 19 e 21 de julho de 2024, no Parque Tecnol\u00f3gico Ivaldo Cenci, km 5 do PAD-DF, que fica a apenas um quil\u00f4metro e meio da vin\u00edcola \u00e0 margem da BR-251.<\/p>\n<p>\u201cA ideia \u00e9 congregar consumidores, vitivinicultores e interessados de v\u00e1rios terroirs desse imenso pa\u00eds\u201d, pontua Ronaldo Triacca, gestor da feira, que contempla toda a cadeira vitivin\u00edcola. Novas tecnologias t\u00eam estimulado empreendedores a investirem na produ\u00e7\u00e3o de uvas vin\u00edferas em lugares antes improv\u00e1veis, como o Distrito Federal. Da\u00ed decorre o Brasil ser hoje o \u00fanico pa\u00eds com tr\u00eas tipo de viticultura: tradicional, de inverno e tropical &#8211; todas estar\u00e3o presente no evento, promete Triacca. A partir do dia 15 ter\u00e1 in\u00edcio a venda de espa\u00e7os da feira. Telefone 98347-2021 (Ta\u00edne Corte).<\/p>\n<p>A Vin\u00edcola Bras\u00edlia j\u00e1 produziu seu primeiro rebento: Syrah Monumental, feito com o blend da uva proveniente de vinhedos dos 10 s\u00f3cios e que j\u00e1 nasceu ungido pelo destaque de ter sido inclu\u00eddo entre 16 amostras mais representativas da safra 2023 na Avalia\u00e7\u00e3o Nacional de Vinhos, em Bento Gon\u00e7alves (RS).<\/p>\n","protected":false},"excerpt":{"rendered":"<p>O empreendimento de vinhos do Cerrado ser\u00e1 inaugurado no anivers\u00e1rio de Bras\u00edlia deste ano, em 21 de abril<\/p>\n","protected":false},"author":54,"featured_media":7973,"comment_status":"open","ping_status":"open","sticky":false,"template":"","format":"standard","meta":{"footnotes":""},"categories":[1],"tags":[987,986,425,932],"class_list":["post-7972","post","type-post","status-publish","format-standard","has-post-thumbnail","hentry","category-sem-categoria","tag-enologia-e-enoturismo","tag-expovitis-brasil-feira-nacional-de-viticultura","tag-vinhos","tag-vinicola-brasilia"],"_links":{"self":[{"href":"https:\/\/blogs.correiobraziliense.com.br\/lianasabo\/wp-json\/wp\/v2\/posts\/7972","targetHints":{"allow":["GET"]}}],"collection":[{"href":"https:\/\/blogs.correiobraziliense.com.br\/lianasabo\/wp-json\/wp\/v2\/posts"}],"about":[{"href":"https:\/\/blogs.correiobraziliense.com.br\/lianasabo\/wp-json\/wp\/v2\/types\/post"}],"author":[{"embeddable":true,"href":"https:\/\/blogs.correiobraziliense.com.br\/lianasabo\/wp-json\/wp\/v2\/users\/54"}],"replies":[{"embeddable":true,"href":"https:\/\/blogs.correiobraziliense.com.br\/lianasabo\/wp-json\/wp\/v2\/comments?post=7972"}],"version-history":[{"count":1,"href":"https:\/\/blogs.correiobraziliense.com.br\/lianasabo\/wp-json\/wp\/v2\/posts\/7972\/revisions"}],"predecessor-version":[{"id":7974,"href":"https:\/\/blogs.correiobraziliense.com.br\/lianasabo\/wp-json\/wp\/v2\/posts\/7972\/revisions\/7974"}],"wp:featuredmedia":[{"embeddable":true,"href":"https:\/\/blogs.correiobraziliense.com.br\/lianasabo\/wp-json\/wp\/v2\/media\/7973"}],"wp:attachment":[{"href":"https:\/\/blogs.correiobraziliense.com.br\/lianasabo\/wp-json\/wp\/v2\/media?parent=7972"}],"wp:term":[{"taxonomy":"category","embeddable":true,"href":"https:\/\/blogs.correiobraziliense.com.br\/lianasabo\/wp-json\/wp\/v2\/categories?post=7972"},{"taxonomy":"post_tag","embeddable":true,"href":"https:\/\/blogs.correiobraziliense.com.br\/lianasabo\/wp-json\/wp\/v2\/tags?post=7972"}],"curies":[{"name":"wp","href":"https:\/\/api.w.org\/{rel}","templated":true}]}}