{"id":7934,"date":"2023-12-22T06:36:53","date_gmt":"2023-12-22T09:36:53","guid":{"rendered":"https:\/\/blogs.correiobraziliense.com.br\/lianasabo\/?p=7934"},"modified":"2023-12-22T06:35:36","modified_gmt":"2023-12-22T09:35:36","slug":"sandro-melaranci-lanca-livro-sobre-restaurante-romano","status":"publish","type":"post","link":"https:\/\/blogs.correiobraziliense.com.br\/lianasabo\/sandro-melaranci-lanca-livro-sobre-restaurante-romano\/","title":{"rendered":"Sandro Melaranci lan\u00e7a livro sobre restaurante romano"},"content":{"rendered":"<p><em>O lan\u00e7amento da obra ocorreu na Belini. Agora, pode ser adquirida pela internet pela Amazon<\/em><\/p>\n<p>S\u00f3 podia ser na Belini, onde gerenciou por quase dois anos (2008\/2010) a proposta gourmet essencialmente italiana, o lan\u00e7amento do livro do gastr\u00f4nomo romano Sandro Melaranci, que volta a residir em Bras\u00edlia. Chama-se <em>Manuia<\/em>, restaurante no charmoso bairro de Roma, Trastevere, do qual cuidou por vinte anos.<\/p>\n<p>\u201cLugar onde a boa cozinha se juntava ao calor humano\u201d, descreve Franco Nero, autor do pref\u00e1cio, ele pr\u00f3prio frequentador da casa ao lado de Chet Baker, Fellini, Valentino, Pino Daniele, Visconti, De Niro e outras personalidades. \u00c0 venda na <a href=\"https:\/\/www.amazon.com.br\/MANUIA-MELARANCI-PREFACIO-FRANCO-NERO-ebook\/dp\/B08WCG2TQB\">Amazon por R$ 39,90<\/a>.<\/p>\n","protected":false},"excerpt":{"rendered":"<p>O lan\u00e7amento da obra ocorreu na Belini. Agora, pode ser adquirida pela internet pela Amazon S\u00f3 podia ser na Belini, onde gerenciou por quase dois anos (2008\/2010) a proposta gourmet essencialmente italiana, o lan\u00e7amento do livro do gastr\u00f4nomo romano Sandro Melaranci, que volta a residir em Bras\u00edlia. Chama-se Manuia, restaurante no charmoso bairro de Roma, Trastevere, do qual cuidou por [&hellip;]<\/p>\n","protected":false},"author":54,"featured_media":7935,"comment_status":"open","ping_status":"open","sticky":false,"template":"","format":"standard","meta":{"footnotes":""},"categories":[320],"tags":[683,977,976],"class_list":["post-7934","post","type-post","status-publish","format-standard","has-post-thumbnail","hentry","category-culinaria-internacional","tag-livro","tag-manuia","tag-sandro-melaranci"],"_links":{"self":[{"href":"https:\/\/blogs.correiobraziliense.com.br\/lianasabo\/wp-json\/wp\/v2\/posts\/7934","targetHints":{"allow":["GET"]}}],"collection":[{"href":"https:\/\/blogs.correiobraziliense.com.br\/lianasabo\/wp-json\/wp\/v2\/posts"}],"about":[{"href":"https:\/\/blogs.correiobraziliense.com.br\/lianasabo\/wp-json\/wp\/v2\/types\/post"}],"author":[{"embeddable":true,"href":"https:\/\/blogs.correiobraziliense.com.br\/lianasabo\/wp-json\/wp\/v2\/users\/54"}],"replies":[{"embeddable":true,"href":"https:\/\/blogs.correiobraziliense.com.br\/lianasabo\/wp-json\/wp\/v2\/comments?post=7934"}],"version-history":[{"count":1,"href":"https:\/\/blogs.correiobraziliense.com.br\/lianasabo\/wp-json\/wp\/v2\/posts\/7934\/revisions"}],"predecessor-version":[{"id":7936,"href":"https:\/\/blogs.correiobraziliense.com.br\/lianasabo\/wp-json\/wp\/v2\/posts\/7934\/revisions\/7936"}],"wp:featuredmedia":[{"embeddable":true,"href":"https:\/\/blogs.correiobraziliense.com.br\/lianasabo\/wp-json\/wp\/v2\/media\/7935"}],"wp:attachment":[{"href":"https:\/\/blogs.correiobraziliense.com.br\/lianasabo\/wp-json\/wp\/v2\/media?parent=7934"}],"wp:term":[{"taxonomy":"category","embeddable":true,"href":"https:\/\/blogs.correiobraziliense.com.br\/lianasabo\/wp-json\/wp\/v2\/categories?post=7934"},{"taxonomy":"post_tag","embeddable":true,"href":"https:\/\/blogs.correiobraziliense.com.br\/lianasabo\/wp-json\/wp\/v2\/tags?post=7934"}],"curies":[{"name":"wp","href":"https:\/\/api.w.org\/{rel}","templated":true}]}}