{"id":7928,"date":"2023-12-22T06:36:08","date_gmt":"2023-12-22T09:36:08","guid":{"rendered":"https:\/\/blogs.correiobraziliense.com.br\/lianasabo\/?p=7928"},"modified":"2023-12-21T20:38:50","modified_gmt":"2023-12-21T23:38:50","slug":"marchese-vinhos-e-vinhedo-produz-vinho-branco-brasiliense","status":"publish","type":"post","link":"https:\/\/blogs.correiobraziliense.com.br\/lianasabo\/marchese-vinhos-e-vinhedo-produz-vinho-branco-brasiliense\/","title":{"rendered":"Marchese Vinhos e Vinhedo produz vinho branco brasiliense"},"content":{"rendered":"<p><em>O vinhedo integra o projeto Vin\u00edcola Bras\u00edlia<\/em><\/p>\n<p>\u201cPara n\u00f3s produzir vinho em Bras\u00edlia, al\u00e9m de um grande sonho, \u00e9 um grande desafio, que come\u00e7ou com o entusiasmo e a garra de JK, sem a sua grandiosa obra, n\u00f3s n\u00e3o estar\u00edamos aqui\u201d, proclama Fabricio Marchese, que integra a Marchese Vinhos e Vinhedo, um dos dez s\u00f3cios da Vin\u00edcola Bras\u00edlia erguida na regi\u00e3o do PAD-DF. O primeiro r\u00f3tulo \u00e9 um Sauvignon Blanc, que estar\u00e1 no mercado em fevereiro de 2025.<\/p>\n<p>Elegante e com boa persist\u00eancia em boca o primeiro vinho fino de colheita de inverno \u201crompe paradigmas\u201d, como diz Renata Sanches &#8211; na foto junto com o marido Fabricio. Apenas 600 garrafas foram produzidas e podem ser degustadas na visita aos vinhedos da empresa. Contato: <a href=\"https:\/\/www.instagram.com\/marchesevinhos\">@marchesevinhos<\/a> e celular 98157-1971.<\/p>\n","protected":false},"excerpt":{"rendered":"<p>O vinhedo integra o projeto Vin\u00edcola Bras\u00edlia \u201cPara n\u00f3s produzir vinho em Bras\u00edlia, al\u00e9m de um grande sonho, \u00e9 um grande desafio, que come\u00e7ou com o entusiasmo e a garra de JK, sem a sua grandiosa obra, n\u00f3s n\u00e3o estar\u00edamos aqui\u201d, proclama Fabricio Marchese, que integra a Marchese Vinhos e Vinhedo, um dos dez s\u00f3cios da Vin\u00edcola Bras\u00edlia erguida na [&hellip;]<\/p>\n","protected":false},"author":54,"featured_media":7929,"comment_status":"open","ping_status":"open","sticky":false,"template":"","format":"standard","meta":{"footnotes":""},"categories":[222],"tags":[974,425,932],"class_list":["post-7928","post","type-post","status-publish","format-standard","has-post-thumbnail","hentry","category-vinhos","tag-marchese-vinhos-e-vinhedo","tag-vinhos","tag-vinicola-brasilia"],"_links":{"self":[{"href":"https:\/\/blogs.correiobraziliense.com.br\/lianasabo\/wp-json\/wp\/v2\/posts\/7928","targetHints":{"allow":["GET"]}}],"collection":[{"href":"https:\/\/blogs.correiobraziliense.com.br\/lianasabo\/wp-json\/wp\/v2\/posts"}],"about":[{"href":"https:\/\/blogs.correiobraziliense.com.br\/lianasabo\/wp-json\/wp\/v2\/types\/post"}],"author":[{"embeddable":true,"href":"https:\/\/blogs.correiobraziliense.com.br\/lianasabo\/wp-json\/wp\/v2\/users\/54"}],"replies":[{"embeddable":true,"href":"https:\/\/blogs.correiobraziliense.com.br\/lianasabo\/wp-json\/wp\/v2\/comments?post=7928"}],"version-history":[{"count":1,"href":"https:\/\/blogs.correiobraziliense.com.br\/lianasabo\/wp-json\/wp\/v2\/posts\/7928\/revisions"}],"predecessor-version":[{"id":7930,"href":"https:\/\/blogs.correiobraziliense.com.br\/lianasabo\/wp-json\/wp\/v2\/posts\/7928\/revisions\/7930"}],"wp:featuredmedia":[{"embeddable":true,"href":"https:\/\/blogs.correiobraziliense.com.br\/lianasabo\/wp-json\/wp\/v2\/media\/7929"}],"wp:attachment":[{"href":"https:\/\/blogs.correiobraziliense.com.br\/lianasabo\/wp-json\/wp\/v2\/media?parent=7928"}],"wp:term":[{"taxonomy":"category","embeddable":true,"href":"https:\/\/blogs.correiobraziliense.com.br\/lianasabo\/wp-json\/wp\/v2\/categories?post=7928"},{"taxonomy":"post_tag","embeddable":true,"href":"https:\/\/blogs.correiobraziliense.com.br\/lianasabo\/wp-json\/wp\/v2\/tags?post=7928"}],"curies":[{"name":"wp","href":"https:\/\/api.w.org\/{rel}","templated":true}]}}