{"id":7916,"date":"2023-12-20T22:27:18","date_gmt":"2023-12-21T01:27:18","guid":{"rendered":"https:\/\/blogs.correiobraziliense.com.br\/lianasabo\/?p=7916"},"modified":"2023-12-21T20:23:20","modified_gmt":"2023-12-21T23:23:20","slug":"programe-se-confira-opcoes-de-ceias-natalinas","status":"publish","type":"post","link":"https:\/\/blogs.correiobraziliense.com.br\/lianasabo\/programe-se-confira-opcoes-de-ceias-natalinas\/","title":{"rendered":"Programe-se! Confira op\u00e7\u00f5es de ceias natalinas"},"content":{"rendered":"<p><em>Encomendar ou sair para ceiar? Independentemente da escolha, h\u00e1 op\u00e7\u00f5es para todos os perfis. O Blog da Liana preparou uma lista com o que alguns restaurantes de Bras\u00edlia oferecem ao p\u00fablico<\/em><\/p>\n<p>Quem pretende curtir em casa, ainda pode encomendar os menus natalinos. O restaurante <strong>Dom Romano<\/strong> (Asa Norte, Lago Sul e \u00c1guas Claras) aceita reservas at\u00e9 sexta-feira (22\/12) para o Natal. No card\u00e1pio, tender (R$ 210\/kg), peru (R$ 430, pe\u00e7a de aproximadamente 5kg), pernil com osso (R$ 340, pe\u00e7a de aproximadamente 5kg), chester (R$ 390, pe\u00e7a de aproximadamente 4kg) e lombo (R$ 330, pe\u00e7a de aproximadamente 4kg).<\/p>\n<figure id=\"attachment_7919\" aria-describedby=\"caption-attachment-7919\" style=\"width: 169px\" class=\"wp-caption alignright\"><a href=\"https:\/\/blogs.correiobraziliense.com.br\/lianasabo\/wp-content\/uploads\/sites\/25\/2023\/12\/WhatsApp-Image-2023-12-20-at-20.35.56.jpeg\"><img loading=\"lazy\" decoding=\"async\" class=\"size-medium wp-image-7919\" src=\"https:\/\/blogs.correiobraziliense.com.br\/lianasabo\/wp-content\/uploads\/sites\/25\/2023\/12\/WhatsApp-Image-2023-12-20-at-20.35.56-169x300.jpeg\" alt=\"\" width=\"169\" height=\"300\" srcset=\"https:\/\/blogs.correiobraziliense.com.br\/lianasabo\/wp-content\/uploads\/sites\/25\/2023\/12\/WhatsApp-Image-2023-12-20-at-20.35.56-169x300.jpeg 169w, https:\/\/blogs.correiobraziliense.com.br\/lianasabo\/wp-content\/uploads\/sites\/25\/2023\/12\/WhatsApp-Image-2023-12-20-at-20.35.56.jpeg 576w, https:\/\/blogs.correiobraziliense.com.br\/lianasabo\/wp-content\/uploads\/sites\/25\/2023\/12\/WhatsApp-Image-2023-12-20-at-20.35.56-550x978.jpeg 550w, https:\/\/blogs.correiobraziliense.com.br\/lianasabo\/wp-content\/uploads\/sites\/25\/2023\/12\/WhatsApp-Image-2023-12-20-at-20.35.56-230x409.jpeg 230w\" sizes=\"auto, (max-width: 169px) 100vw, 169px\" \/><\/a><figcaption id=\"caption-attachment-7919\" class=\"wp-caption-text\">Cr\u00e9dito: Cantucci\/Divulga\u00e7\u00e3o<\/figcaption><\/figure>\n<p>Entre os acompanhamentos, arroz \u00e0 grega, arroz com nozes, arroz com lentilhas e cebola caramelizada, farofa doce, farofa, salpic\u00e3o e batata bolinha com ervas. Cada item custa R$ 89\/kg. Os pedidos podem ser feitos por meio dos telefones: 3248-0078 (Lago Sul), 3546-1871 (Asa Sul) e 3435-4030 (\u00c1guas Claras).<\/p>\n<p>S\u00e1bado (23) \u00e9 a data limite para as encomendas natalinas no <strong>Cantucci Osteria<\/strong> (Asa Norte e \u00c1guas Claras). Assados, guarni\u00e7\u00f5es, sobremesas e rabanada fazem parte do card\u00e1pio. A proposta \u00e9 um Natal italiano com entrada, prato principal e sobremesa. Para abrir a noite, pratos como carpaccio de rosbife em crosta de pimenta e ervas, molho de mostarda, alcaparras e parmes\u00e3o (R$ 59) e burrata inteira acompanhada de focaccia de tomatinhos confitados, pesto e azeite aromatizado (R$ 79).<\/p>\n<p>Entre as op\u00e7\u00f5es de prato principal destaque para o fil\u00e9 mignon Wellington acompanhado de arroz gratinado e molho malbec (R$ 190, duas pessoas, e R$ 360, quatro pessoas) e chester marinado e assado em cerveja preta acompanhada de farofa de panceta e batatas assadas ao alecrim (R$ 380, serve at\u00e9 cinco pessoas).<\/p>\n<p>Para ado\u00e7ar \u00e0 noite, rabanada com creme confeiteiro e frutas vermelhas (R$ 120, oito unidades), cheesecake (R$ 160, 16 peda\u00e7os) e banoffee (R$ 160, 16 peda\u00e7os). Mais informa\u00e7\u00f5es: 3328-5245 (Asa Norte) e 99636-9684 (\u00c1guas Claras).<\/p>\n<figure id=\"attachment_7918\" aria-describedby=\"caption-attachment-7918\" style=\"width: 200px\" class=\"wp-caption alignleft\"><a href=\"https:\/\/blogs.correiobraziliense.com.br\/lianasabo\/wp-content\/uploads\/sites\/25\/2023\/12\/WhatsApp-Image-2023-12-20-at-20.39.38.jpeg\"><img loading=\"lazy\" decoding=\"async\" class=\"size-medium wp-image-7918\" src=\"https:\/\/blogs.correiobraziliense.com.br\/lianasabo\/wp-content\/uploads\/sites\/25\/2023\/12\/WhatsApp-Image-2023-12-20-at-20.39.38-200x300.jpeg\" alt=\"\" width=\"200\" height=\"300\" srcset=\"https:\/\/blogs.correiobraziliense.com.br\/lianasabo\/wp-content\/uploads\/sites\/25\/2023\/12\/WhatsApp-Image-2023-12-20-at-20.39.38-200x300.jpeg 200w, https:\/\/blogs.correiobraziliense.com.br\/lianasabo\/wp-content\/uploads\/sites\/25\/2023\/12\/WhatsApp-Image-2023-12-20-at-20.39.38-768x1153.jpeg 768w, https:\/\/blogs.correiobraziliense.com.br\/lianasabo\/wp-content\/uploads\/sites\/25\/2023\/12\/WhatsApp-Image-2023-12-20-at-20.39.38.jpeg 682w, https:\/\/blogs.correiobraziliense.com.br\/lianasabo\/wp-content\/uploads\/sites\/25\/2023\/12\/WhatsApp-Image-2023-12-20-at-20.39.38-800x1201.jpeg 800w, https:\/\/blogs.correiobraziliense.com.br\/lianasabo\/wp-content\/uploads\/sites\/25\/2023\/12\/WhatsApp-Image-2023-12-20-at-20.39.38-550x826.jpeg 550w, https:\/\/blogs.correiobraziliense.com.br\/lianasabo\/wp-content\/uploads\/sites\/25\/2023\/12\/WhatsApp-Image-2023-12-20-at-20.39.38-230x345.jpeg 230w\" sizes=\"auto, (max-width: 200px) 100vw, 200px\" \/><\/a><figcaption id=\"caption-attachment-7918\" class=\"wp-caption-text\">Cr\u00e9dito: Fogo de Ch\u00e3o\/Divulga\u00e7\u00e3o<\/figcaption><\/figure>\n<p>\u00c9 tamb\u00e9m no s\u00e1bado, o \u00faltimo dia para reservar as del\u00edcias da <strong>Tr\u00e1s Os Montes<\/strong> (Asa Sul). No menu do estabelecimento alternativas como bacalhau aos gr\u00e3os com batatas ao murro, gr\u00e3os de bico, ovos cozidos, p\u00e1prica e vinagrada de alho cebola e salsa (R$ 289, serve duas pessoas), arroz de pato com toque de t\u00e2maras e pistache (R$ 189, serve duas pessoas) e pernil de borrego com batatas ao murro, castanha portuguesa caramelizada e cebola assada (R$ 598, serve quatro pessoas). Informa\u00e7\u00f5es: 3245-2862 ou 99306-4486 (WhatsApp).<\/p>\n<p>Na churrascaria <strong>Fogo de Ch\u00e3o<\/strong> (Asa Sul) tem ceia para ser apreciada na pr\u00f3pria unidade. Al\u00e9m do tradicional rod\u00edzio com os cortes cl\u00e1ssicos e nobres de carne, o t\u00edpico chester natalino e a salada de tender com abacaxi complementam o menu. A ceia custa R$ 290, por pessoa, e R$ 86, de taxa de rolha.<\/p>\n<p>Neste m\u00eas, o <strong>Aquavit<\/strong> preparou um jantar de Natal para o s\u00e1bado (23). Com entrega a domic\u00edlio em endere\u00e7os do Plano Piloto e dos lagos Norte e Sul, o projeto de Simon Lau custa R$ 195 por pessoa e pode ser encomendado at\u00e9 quinta-feira. No menu, rillette de camar\u00e3o, salm\u00e3o defumado a frio, confit de coxa e sobrecoxa de pato com salada e arroz doce dinamarqu\u00eas com baunilha pompona e rabanada. Informa\u00e7\u00f5es: (61) 98404-1898 (WhatsApp).<\/p>\n<p>&nbsp;<\/p>\n","protected":false},"excerpt":{"rendered":"<p>Encomendar ou sair para ceiar? Independentemente da escolha, h\u00e1 op\u00e7\u00f5es para todos os perfis. O Blog da Liana preparou uma lista com o que alguns restaurantes de Bras\u00edlia oferecem ao p\u00fablico Quem pretende curtir em casa, ainda pode encomendar os menus natalinos. O restaurante Dom Romano (Asa Norte, Lago Sul e \u00c1guas Claras) aceita reservas at\u00e9 sexta-feira (22\/12) para o [&hellip;]<\/p>\n","protected":false},"author":54,"featured_media":7917,"comment_status":"open","ping_status":"open","sticky":false,"template":"","format":"standard","meta":{"footnotes":""},"categories":[651],"tags":[652,672,313,970],"class_list":["post-7916","post","type-post","status-publish","format-standard","has-post-thumbnail","hentry","category-natal","tag-ceia","tag-encomenda","tag-natal","tag-reserva"],"_links":{"self":[{"href":"https:\/\/blogs.correiobraziliense.com.br\/lianasabo\/wp-json\/wp\/v2\/posts\/7916","targetHints":{"allow":["GET"]}}],"collection":[{"href":"https:\/\/blogs.correiobraziliense.com.br\/lianasabo\/wp-json\/wp\/v2\/posts"}],"about":[{"href":"https:\/\/blogs.correiobraziliense.com.br\/lianasabo\/wp-json\/wp\/v2\/types\/post"}],"author":[{"embeddable":true,"href":"https:\/\/blogs.correiobraziliense.com.br\/lianasabo\/wp-json\/wp\/v2\/users\/54"}],"replies":[{"embeddable":true,"href":"https:\/\/blogs.correiobraziliense.com.br\/lianasabo\/wp-json\/wp\/v2\/comments?post=7916"}],"version-history":[{"count":2,"href":"https:\/\/blogs.correiobraziliense.com.br\/lianasabo\/wp-json\/wp\/v2\/posts\/7916\/revisions"}],"predecessor-version":[{"id":7921,"href":"https:\/\/blogs.correiobraziliense.com.br\/lianasabo\/wp-json\/wp\/v2\/posts\/7916\/revisions\/7921"}],"wp:featuredmedia":[{"embeddable":true,"href":"https:\/\/blogs.correiobraziliense.com.br\/lianasabo\/wp-json\/wp\/v2\/media\/7917"}],"wp:attachment":[{"href":"https:\/\/blogs.correiobraziliense.com.br\/lianasabo\/wp-json\/wp\/v2\/media?parent=7916"}],"wp:term":[{"taxonomy":"category","embeddable":true,"href":"https:\/\/blogs.correiobraziliense.com.br\/lianasabo\/wp-json\/wp\/v2\/categories?post=7916"},{"taxonomy":"post_tag","embeddable":true,"href":"https:\/\/blogs.correiobraziliense.com.br\/lianasabo\/wp-json\/wp\/v2\/tags?post=7916"}],"curies":[{"name":"wp","href":"https:\/\/api.w.org\/{rel}","templated":true}]}}