{"id":7895,"date":"2023-12-15T06:17:48","date_gmt":"2023-12-15T09:17:48","guid":{"rendered":"https:\/\/blogs.correiobraziliense.com.br\/lianasabo\/?p=7895"},"modified":"2023-12-14T21:11:38","modified_gmt":"2023-12-15T00:11:38","slug":"paloma-gastal-lanca-o-livro-saber-comer-para-poder-vencer","status":"publish","type":"post","link":"https:\/\/blogs.correiobraziliense.com.br\/lianasabo\/paloma-gastal-lanca-o-livro-saber-comer-para-poder-vencer\/","title":{"rendered":"Paloma Gastal lan\u00e7a o livro infantil &#8216;Saber comer para poder vencer&#8217;"},"content":{"rendered":"<p><em>A obra est\u00e1 \u00e0 venda na internet e em lojas f\u00edsicas\u00a0<\/em><\/p>\n<p>Uma fila de aut\u00f3grafos durante cinco horas na loja Tiffany do Iguatemi deu bem a ideia do sucesso que obteve Paloma Gastal no lan\u00e7amento do livro infantil <em>Saber comer para poder vencer<\/em>, no qual defende de uma maneira l\u00fadica e criativa o uso de alimentos naturais em detrimento dos processados.<\/p>\n<p>Jornalista com MBA em Marketing na FGV e mestre em arquitetura, a autora que estuda nutri\u00e7\u00e3o, \u00e9 m\u00e3e de quatro filhos: Gabriel, Henrique, Eduardo e Valentina, nome da personagem do livro escrito em rima. A obra \u00e9 ilustrada pelo artista brasiliense Mikael Guedes de Oliveira, o talentoso grafiteiro Omik. Est\u00e1 \u00e0 venda na Livraria Travessa, do Casapark, ou pelo site da Amazon.<\/p>\n","protected":false},"excerpt":{"rendered":"<p>A obra est\u00e1 \u00e0 venda na internet e em lojas f\u00edsicas\u00a0 Uma fila de aut\u00f3grafos durante cinco horas na loja Tiffany do Iguatemi deu bem a ideia do sucesso que obteve Paloma Gastal no lan\u00e7amento do livro infantil Saber comer para poder vencer, no qual defende de uma maneira l\u00fadica e criativa o uso de alimentos naturais em detrimento dos [&hellip;]<\/p>\n","protected":false},"author":54,"featured_media":7910,"comment_status":"open","ping_status":"open","sticky":false,"template":"","format":"standard","meta":{"footnotes":""},"categories":[486],"tags":[965,683,964,963],"class_list":["post-7895","post","type-post","status-publish","format-standard","has-post-thumbnail","hentry","category-evento","tag-livraria","tag-livro","tag-paloma-gastal","tag-saber-comer-para-poder-vencer"],"_links":{"self":[{"href":"https:\/\/blogs.correiobraziliense.com.br\/lianasabo\/wp-json\/wp\/v2\/posts\/7895","targetHints":{"allow":["GET"]}}],"collection":[{"href":"https:\/\/blogs.correiobraziliense.com.br\/lianasabo\/wp-json\/wp\/v2\/posts"}],"about":[{"href":"https:\/\/blogs.correiobraziliense.com.br\/lianasabo\/wp-json\/wp\/v2\/types\/post"}],"author":[{"embeddable":true,"href":"https:\/\/blogs.correiobraziliense.com.br\/lianasabo\/wp-json\/wp\/v2\/users\/54"}],"replies":[{"embeddable":true,"href":"https:\/\/blogs.correiobraziliense.com.br\/lianasabo\/wp-json\/wp\/v2\/comments?post=7895"}],"version-history":[{"count":4,"href":"https:\/\/blogs.correiobraziliense.com.br\/lianasabo\/wp-json\/wp\/v2\/posts\/7895\/revisions"}],"predecessor-version":[{"id":7911,"href":"https:\/\/blogs.correiobraziliense.com.br\/lianasabo\/wp-json\/wp\/v2\/posts\/7895\/revisions\/7911"}],"wp:featuredmedia":[{"embeddable":true,"href":"https:\/\/blogs.correiobraziliense.com.br\/lianasabo\/wp-json\/wp\/v2\/media\/7910"}],"wp:attachment":[{"href":"https:\/\/blogs.correiobraziliense.com.br\/lianasabo\/wp-json\/wp\/v2\/media?parent=7895"}],"wp:term":[{"taxonomy":"category","embeddable":true,"href":"https:\/\/blogs.correiobraziliense.com.br\/lianasabo\/wp-json\/wp\/v2\/categories?post=7895"},{"taxonomy":"post_tag","embeddable":true,"href":"https:\/\/blogs.correiobraziliense.com.br\/lianasabo\/wp-json\/wp\/v2\/tags?post=7895"}],"curies":[{"name":"wp","href":"https:\/\/api.w.org\/{rel}","templated":true}]}}