{"id":7881,"date":"2023-12-07T17:32:18","date_gmt":"2023-12-07T20:32:18","guid":{"rendered":"https:\/\/blogs.correiobraziliense.com.br\/lianasabo\/?p=7881"},"modified":"2023-12-07T18:50:58","modified_gmt":"2023-12-07T21:50:58","slug":"luteranos-promovem-mais-uma-edicao-do-tradicional-cafe-de-advento","status":"publish","type":"post","link":"https:\/\/blogs.correiobraziliense.com.br\/lianasabo\/luteranos-promovem-mais-uma-edicao-do-tradicional-cafe-de-advento\/","title":{"rendered":"Luteranos promovem mais uma edi\u00e7\u00e3o do tradicional Caf\u00e9 de Advento"},"content":{"rendered":"<figure id=\"attachment_7883\" aria-describedby=\"caption-attachment-7883\" style=\"width: 225px\" class=\"wp-caption alignleft\"><a href=\"https:\/\/blogs.correiobraziliense.com.br\/lianasabo\/wp-content\/uploads\/sites\/25\/2023\/12\/WhatsApp-Image-2023-12-07-at-10.19.08.jpeg\"><img loading=\"lazy\" decoding=\"async\" class=\"size-medium wp-image-7883\" src=\"https:\/\/blogs.correiobraziliense.com.br\/lianasabo\/wp-content\/uploads\/sites\/25\/2023\/12\/WhatsApp-Image-2023-12-07-at-10.19.08-225x300.jpeg\" alt=\"\" width=\"225\" height=\"300\" srcset=\"https:\/\/blogs.correiobraziliense.com.br\/lianasabo\/wp-content\/uploads\/sites\/25\/2023\/12\/WhatsApp-Image-2023-12-07-at-10.19.08-225x300.jpeg 225w, https:\/\/blogs.correiobraziliense.com.br\/lianasabo\/wp-content\/uploads\/sites\/25\/2023\/12\/WhatsApp-Image-2023-12-07-at-10.19.08.jpeg 768w, https:\/\/blogs.correiobraziliense.com.br\/lianasabo\/wp-content\/uploads\/sites\/25\/2023\/12\/WhatsApp-Image-2023-12-07-at-10.19.08-800x1067.jpeg 800w, https:\/\/blogs.correiobraziliense.com.br\/lianasabo\/wp-content\/uploads\/sites\/25\/2023\/12\/WhatsApp-Image-2023-12-07-at-10.19.08-550x733.jpeg 550w, https:\/\/blogs.correiobraziliense.com.br\/lianasabo\/wp-content\/uploads\/sites\/25\/2023\/12\/WhatsApp-Image-2023-12-07-at-10.19.08-230x307.jpeg 230w\" sizes=\"auto, (max-width: 225px) 100vw, 225px\" \/><\/a><figcaption id=\"caption-attachment-7883\" class=\"wp-caption-text\">Biscoito de Natal decorado vendido em pacote por R$ 20. Cr\u00e9dito: Arquivo pessoal<\/figcaption><\/figure>\n<p>Anualmente, a comunidade evang\u00e9lica de confiss\u00e3o luterana de Bras\u00edlia realiza o tradicional Caf\u00e9 de Advento. O evento ser\u00e1 neste s\u00e1bado (9\/12), das 15h \u00e0s 18h30, com a venda de trabalhos manuais, patchwork, biscoitos e bingo.<\/p>\n<p>Al\u00e9m do caf\u00e9, que pode ser substitu\u00eddo por ch\u00e1 ou suco, a atra\u00e7\u00e3o gastron\u00f4mica conta com tortas doces, salgadas, cucas, bolos, salgados, pat\u00ea, cachorro quente, frios e saladas de frutas. O combo completo sai por R$ 45 para adultos e R$ 20 crian\u00e7as de 7 a 12 anos. Ser\u00e1 na Igreja Luterana, Entrequadras Sul 405\/406. Telefone: 98568-2020.<\/p>\n","protected":false},"excerpt":{"rendered":"<p>Anualmente, a comunidade evang\u00e9lica de confiss\u00e3o luterana de Bras\u00edlia realiza o tradicional Caf\u00e9 de Advento. O evento ser\u00e1 neste s\u00e1bado (9\/12), das 15h \u00e0s 18h30, com a venda de trabalhos manuais, patchwork, biscoitos e bingo. Al\u00e9m do caf\u00e9, que pode ser substitu\u00eddo por ch\u00e1 ou suco, a atra\u00e7\u00e3o gastron\u00f4mica conta com tortas doces, salgadas, cucas, bolos, salgados, pat\u00ea, cachorro quente, [&hellip;]<\/p>\n","protected":false},"author":54,"featured_media":7882,"comment_status":"open","ping_status":"open","sticky":false,"template":"","format":"standard","meta":{"footnotes":""},"categories":[486],"tags":[962],"class_list":["post-7881","post","type-post","status-publish","format-standard","has-post-thumbnail","hentry","category-evento","tag-cafe-de-advento"],"_links":{"self":[{"href":"https:\/\/blogs.correiobraziliense.com.br\/lianasabo\/wp-json\/wp\/v2\/posts\/7881","targetHints":{"allow":["GET"]}}],"collection":[{"href":"https:\/\/blogs.correiobraziliense.com.br\/lianasabo\/wp-json\/wp\/v2\/posts"}],"about":[{"href":"https:\/\/blogs.correiobraziliense.com.br\/lianasabo\/wp-json\/wp\/v2\/types\/post"}],"author":[{"embeddable":true,"href":"https:\/\/blogs.correiobraziliense.com.br\/lianasabo\/wp-json\/wp\/v2\/users\/54"}],"replies":[{"embeddable":true,"href":"https:\/\/blogs.correiobraziliense.com.br\/lianasabo\/wp-json\/wp\/v2\/comments?post=7881"}],"version-history":[{"count":2,"href":"https:\/\/blogs.correiobraziliense.com.br\/lianasabo\/wp-json\/wp\/v2\/posts\/7881\/revisions"}],"predecessor-version":[{"id":7885,"href":"https:\/\/blogs.correiobraziliense.com.br\/lianasabo\/wp-json\/wp\/v2\/posts\/7881\/revisions\/7885"}],"wp:featuredmedia":[{"embeddable":true,"href":"https:\/\/blogs.correiobraziliense.com.br\/lianasabo\/wp-json\/wp\/v2\/media\/7882"}],"wp:attachment":[{"href":"https:\/\/blogs.correiobraziliense.com.br\/lianasabo\/wp-json\/wp\/v2\/media?parent=7881"}],"wp:term":[{"taxonomy":"category","embeddable":true,"href":"https:\/\/blogs.correiobraziliense.com.br\/lianasabo\/wp-json\/wp\/v2\/categories?post=7881"},{"taxonomy":"post_tag","embeddable":true,"href":"https:\/\/blogs.correiobraziliense.com.br\/lianasabo\/wp-json\/wp\/v2\/tags?post=7881"}],"curies":[{"name":"wp","href":"https:\/\/api.w.org\/{rel}","templated":true}]}}