{"id":7870,"date":"2023-12-08T06:01:07","date_gmt":"2023-12-08T09:01:07","guid":{"rendered":"https:\/\/blogs.correiobraziliense.com.br\/lianasabo\/?p=7870"},"modified":"2023-12-06T08:46:44","modified_gmt":"2023-12-06T11:46:44","slug":"doce-maison-e-bistro-maison-oferecem-ceia-completa-para-encomenda","status":"publish","type":"post","link":"https:\/\/blogs.correiobraziliense.com.br\/lianasabo\/doce-maison-e-bistro-maison-oferecem-ceia-completa-para-encomenda\/","title":{"rendered":"Doce Maison e Bistr\u00f4 Maison oferecem ceia completa para encomenda"},"content":{"rendered":"<p><em>O estabelecimento recebe as reservas at\u00e9 21 de dezembro, para o Natal, e at\u00e9 29 de dezembro, para o r\u00e9veillon<\/em><\/p>\n<p>Na reta final de 2023, os enfeites natalinos invadiram as casas, os shoppings e os centros comerciais. Os estabelecimentos gastron\u00f4micos tamb\u00e9m j\u00e1 est\u00e3o no clima e lan\u00e7am menus especiais que podem ser encomendados pelos clientes. No Doce Maison e Bistr\u00f4 Maison (305 Sul) \u00e9 poss\u00edvel escolher entre a ceia completa ou as guarni\u00e7\u00f5es separadas.<\/p>\n<p>Para 10 pessoas, a vers\u00e3o completa conta com peru ou chester ao molho de laranja e redu\u00e7\u00e3o de bals\u00e2mico acompanhado de arroz \u00e0 grega, arroz com am\u00eandoas, salpic\u00e3o, farofa de brioche com frutas secas e bacon, brandade de bacalhau e lombo su\u00edno ao molho do chef. Quem optar por pratos separados ainda tem mais alternativas, como o escalope de fil\u00e9-mignon ao molho madeira e sobremesa na ta\u00e7a de creme su\u00ed\u00e7o, geleia de frutas vermelhas, brigadeiro ao leite e p\u00e3o de l\u00f3.<\/p>\n<figure id=\"attachment_7872\" aria-describedby=\"caption-attachment-7872\" style=\"width: 200px\" class=\"wp-caption alignleft\"><a href=\"https:\/\/blogs.correiobraziliense.com.br\/lianasabo\/wp-content\/uploads\/sites\/25\/2023\/12\/WhatsApp-Image-2023-12-04-at-13.48.00.jpeg\"><img loading=\"lazy\" decoding=\"async\" class=\"wp-image-7872 size-medium\" src=\"https:\/\/blogs.correiobraziliense.com.br\/lianasabo\/wp-content\/uploads\/sites\/25\/2023\/12\/WhatsApp-Image-2023-12-04-at-13.48.00-200x300.jpeg\" alt=\"\" width=\"200\" height=\"300\" srcset=\"https:\/\/blogs.correiobraziliense.com.br\/lianasabo\/wp-content\/uploads\/sites\/25\/2023\/12\/WhatsApp-Image-2023-12-04-at-13.48.00-200x300.jpeg 200w, https:\/\/blogs.correiobraziliense.com.br\/lianasabo\/wp-content\/uploads\/sites\/25\/2023\/12\/WhatsApp-Image-2023-12-04-at-13.48.00-768x1152.jpeg 768w, https:\/\/blogs.correiobraziliense.com.br\/lianasabo\/wp-content\/uploads\/sites\/25\/2023\/12\/WhatsApp-Image-2023-12-04-at-13.48.00.jpeg 682w, https:\/\/blogs.correiobraziliense.com.br\/lianasabo\/wp-content\/uploads\/sites\/25\/2023\/12\/WhatsApp-Image-2023-12-04-at-13.48.00-800x1200.jpeg 800w, https:\/\/blogs.correiobraziliense.com.br\/lianasabo\/wp-content\/uploads\/sites\/25\/2023\/12\/WhatsApp-Image-2023-12-04-at-13.48.00-550x825.jpeg 550w, https:\/\/blogs.correiobraziliense.com.br\/lianasabo\/wp-content\/uploads\/sites\/25\/2023\/12\/WhatsApp-Image-2023-12-04-at-13.48.00-230x345.jpeg 230w\" sizes=\"auto, (max-width: 200px) 100vw, 200px\" \/><\/a><figcaption id=\"caption-attachment-7872\" class=\"wp-caption-text\">Cr\u00e9dito: Maison\/Divulga\u00e7\u00e3o<\/figcaption><\/figure>\n<p>As encomendas podem ser feitas at\u00e9 21 de dezembro com retirada no dia 24 at\u00e9 \u00e0s 15h ou at\u00e9 29 de dezembro com retirada no dia 31. Telefone: 99250-9574.<\/p>\n<p><strong>Presentes natalinos<\/strong><\/p>\n<p>Mais do quem uma op\u00e7\u00e3o para encomendar a ceia, a Maison oferece alternativas para o cliente que busca presentear com sabor e afeto. Panetone tradicional, chocotone, macarons e caixas personalidades est\u00e3o entre os presentes dispon\u00edveis no card\u00e1pio elaborado com ingredientes selecionados especialmente para o per\u00edodo de festas.<\/p>\n","protected":false},"excerpt":{"rendered":"<p>O estabelecimento recebe as reservas at\u00e9 21 de dezembro, para o Natal, e at\u00e9 29 de dezembro, para o r\u00e9veillon Na reta final de 2023, os enfeites natalinos invadiram as casas, os shoppings e os centros comerciais. Os estabelecimentos gastron\u00f4micos tamb\u00e9m j\u00e1 est\u00e3o no clima e lan\u00e7am menus especiais que podem ser encomendados pelos clientes. No Doce Maison e Bistr\u00f4 [&hellip;]<\/p>\n","protected":false},"author":54,"featured_media":7871,"comment_status":"open","ping_status":"open","sticky":false,"template":"","format":"standard","meta":{"footnotes":""},"categories":[651],"tags":[957,652,731,672,313,330],"class_list":["post-7870","post","type-post","status-publish","format-standard","has-post-thumbnail","hentry","category-natal","tag-bistro-maison","tag-ceia","tag-doce-maison","tag-encomenda","tag-natal","tag-reveillon"],"_links":{"self":[{"href":"https:\/\/blogs.correiobraziliense.com.br\/lianasabo\/wp-json\/wp\/v2\/posts\/7870","targetHints":{"allow":["GET"]}}],"collection":[{"href":"https:\/\/blogs.correiobraziliense.com.br\/lianasabo\/wp-json\/wp\/v2\/posts"}],"about":[{"href":"https:\/\/blogs.correiobraziliense.com.br\/lianasabo\/wp-json\/wp\/v2\/types\/post"}],"author":[{"embeddable":true,"href":"https:\/\/blogs.correiobraziliense.com.br\/lianasabo\/wp-json\/wp\/v2\/users\/54"}],"replies":[{"embeddable":true,"href":"https:\/\/blogs.correiobraziliense.com.br\/lianasabo\/wp-json\/wp\/v2\/comments?post=7870"}],"version-history":[{"count":1,"href":"https:\/\/blogs.correiobraziliense.com.br\/lianasabo\/wp-json\/wp\/v2\/posts\/7870\/revisions"}],"predecessor-version":[{"id":7873,"href":"https:\/\/blogs.correiobraziliense.com.br\/lianasabo\/wp-json\/wp\/v2\/posts\/7870\/revisions\/7873"}],"wp:featuredmedia":[{"embeddable":true,"href":"https:\/\/blogs.correiobraziliense.com.br\/lianasabo\/wp-json\/wp\/v2\/media\/7871"}],"wp:attachment":[{"href":"https:\/\/blogs.correiobraziliense.com.br\/lianasabo\/wp-json\/wp\/v2\/media?parent=7870"}],"wp:term":[{"taxonomy":"category","embeddable":true,"href":"https:\/\/blogs.correiobraziliense.com.br\/lianasabo\/wp-json\/wp\/v2\/categories?post=7870"},{"taxonomy":"post_tag","embeddable":true,"href":"https:\/\/blogs.correiobraziliense.com.br\/lianasabo\/wp-json\/wp\/v2\/tags?post=7870"}],"curies":[{"name":"wp","href":"https:\/\/api.w.org\/{rel}","templated":true}]}}