{"id":7865,"date":"2023-12-06T08:31:58","date_gmt":"2023-12-06T11:31:58","guid":{"rendered":"https:\/\/blogs.correiobraziliense.com.br\/lianasabo\/?p=7865"},"modified":"2023-12-06T08:31:58","modified_gmt":"2023-12-06T11:31:58","slug":"cafe-e-um-chero-ganha-unidade-no-pontao-do-lago-sul","status":"publish","type":"post","link":"https:\/\/blogs.correiobraziliense.com.br\/lianasabo\/cafe-e-um-chero-ganha-unidade-no-pontao-do-lago-sul\/","title":{"rendered":"Caf\u00e9 e um Ch\u00earo ganha unidade no Pont\u00e3o do Lago Sul"},"content":{"rendered":"<p><em>O estabelecimento abre \u00e0s portas em 15 de dezembro<\/em><\/p>\n<p>Com seis anos de hist\u00f3ria em Bras\u00edlia, o Caf\u00e9 e um Ch\u00earo tem expandido suas del\u00edcias inspiradas na culin\u00e1ria nordestina pela cidade. Atualmente, a marca conta com duas unidades no Plano Piloto (109 Norte e 107 Sul) e dois quiosques (Shopping Iguatemi e o Man\u00e9 Mercado) em funcionamento.<\/p>\n<p>Mas a partir de 15 de dezembro estar\u00e1 em mais um local: o Pont\u00e3o do Lago Sul. L\u00e1, o p\u00fablico poder\u00e1 apreciar as receitas famosas do card\u00e1pio, como o p\u00e3o com carne de panela, a tapioca invertida, o cuscuz e a coxinha de frango com catupiry. J\u00e1 no pr\u00f3ximo ano, a marca ganhar\u00e1 outra unidade. Dessa vez, no Noroeste.<\/p>\n<p>Paralelamente, o Caf\u00e9 e um Ch\u00earo lan\u00e7ou neste ano mais um bra\u00e7o da marca. \u00c9 a Mercearia Alto Parna\u00edba, na 109 Norte. O espa\u00e7o \u00e9 um mercadinho com produtos do sert\u00e3o brasileiro, onde s\u00e3o encontrados biscoitos, doces caseiros, p\u00f3 de caf\u00e9, utens\u00edlios de casa, queijos e lingui\u00e7as.<\/p>\n","protected":false},"excerpt":{"rendered":"<p>O estabelecimento abre \u00e0s portas em 15 de dezembro Com seis anos de hist\u00f3ria em Bras\u00edlia, o Caf\u00e9 e um Ch\u00earo tem expandido suas del\u00edcias inspiradas na culin\u00e1ria nordestina pela cidade. Atualmente, a marca conta com duas unidades no Plano Piloto (109 Norte e 107 Sul) e dois quiosques (Shopping Iguatemi e o Man\u00e9 Mercado) em funcionamento. Mas a partir [&hellip;]<\/p>\n","protected":false},"author":54,"featured_media":7866,"comment_status":"open","ping_status":"open","sticky":false,"template":"","format":"standard","meta":{"footnotes":""},"categories":[211],"tags":[60,954,457],"class_list":["post-7865","post","type-post","status-publish","format-standard","has-post-thumbnail","hentry","category-cafes","tag-cafe","tag-cafe-e-um-chero","tag-pontao-do-lago-sul"],"_links":{"self":[{"href":"https:\/\/blogs.correiobraziliense.com.br\/lianasabo\/wp-json\/wp\/v2\/posts\/7865","targetHints":{"allow":["GET"]}}],"collection":[{"href":"https:\/\/blogs.correiobraziliense.com.br\/lianasabo\/wp-json\/wp\/v2\/posts"}],"about":[{"href":"https:\/\/blogs.correiobraziliense.com.br\/lianasabo\/wp-json\/wp\/v2\/types\/post"}],"author":[{"embeddable":true,"href":"https:\/\/blogs.correiobraziliense.com.br\/lianasabo\/wp-json\/wp\/v2\/users\/54"}],"replies":[{"embeddable":true,"href":"https:\/\/blogs.correiobraziliense.com.br\/lianasabo\/wp-json\/wp\/v2\/comments?post=7865"}],"version-history":[{"count":1,"href":"https:\/\/blogs.correiobraziliense.com.br\/lianasabo\/wp-json\/wp\/v2\/posts\/7865\/revisions"}],"predecessor-version":[{"id":7867,"href":"https:\/\/blogs.correiobraziliense.com.br\/lianasabo\/wp-json\/wp\/v2\/posts\/7865\/revisions\/7867"}],"wp:featuredmedia":[{"embeddable":true,"href":"https:\/\/blogs.correiobraziliense.com.br\/lianasabo\/wp-json\/wp\/v2\/media\/7866"}],"wp:attachment":[{"href":"https:\/\/blogs.correiobraziliense.com.br\/lianasabo\/wp-json\/wp\/v2\/media?parent=7865"}],"wp:term":[{"taxonomy":"category","embeddable":true,"href":"https:\/\/blogs.correiobraziliense.com.br\/lianasabo\/wp-json\/wp\/v2\/categories?post=7865"},{"taxonomy":"post_tag","embeddable":true,"href":"https:\/\/blogs.correiobraziliense.com.br\/lianasabo\/wp-json\/wp\/v2\/tags?post=7865"}],"curies":[{"name":"wp","href":"https:\/\/api.w.org\/{rel}","templated":true}]}}