{"id":784,"date":"2016-12-09T18:12:35","date_gmt":"2016-12-09T20:12:35","guid":{"rendered":"https:\/\/blogs.correiobraziliense.com.br\/lianasabo\/?p=784"},"modified":"2016-12-09T18:13:31","modified_gmt":"2016-12-09T20:13:31","slug":"cerveja-corina-promove-hamburgada-domingo","status":"publish","type":"post","link":"https:\/\/blogs.correiobraziliense.com.br\/lianasabo\/cerveja-corina-promove-hamburgada-domingo\/","title":{"rendered":"Cerveja Corina promove hamburgada domingo"},"content":{"rendered":"<p><a href=\"https:\/\/blogs.correiobraziliense.com.br\/lianasabo\/wp-content\/uploads\/sites\/25\/2016\/12\/image3.jpg\" rel=\"attachment wp-att-786\"><img loading=\"lazy\" decoding=\"async\" class=\"size-medium wp-image-786 aligncenter\" src=\"https:\/\/blogs.correiobraziliense.com.br\/lianasabo\/wp-content\/uploads\/sites\/25\/2016\/12\/image3-300x225.jpg\" alt=\"image3\" width=\"300\" height=\"225\" srcset=\"https:\/\/blogs.correiobraziliense.com.br\/lianasabo\/wp-content\/uploads\/sites\/25\/2016\/12\/image3-300x225.jpg 300w, https:\/\/blogs.correiobraziliense.com.br\/lianasabo\/wp-content\/uploads\/sites\/25\/2016\/12\/image3-768x576.jpg 768w, https:\/\/blogs.correiobraziliense.com.br\/lianasabo\/wp-content\/uploads\/sites\/25\/2016\/12\/image3-1024x768.jpg 1024w, https:\/\/blogs.correiobraziliense.com.br\/lianasabo\/wp-content\/uploads\/sites\/25\/2016\/12\/image3-550x413.jpg 550w, https:\/\/blogs.correiobraziliense.com.br\/lianasabo\/wp-content\/uploads\/sites\/25\/2016\/12\/image3-230x173.jpg 230w, https:\/\/blogs.correiobraziliense.com.br\/lianasabo\/wp-content\/uploads\/sites\/25\/2016\/12\/image3.jpg 1280w\" sizes=\"auto, (max-width: 300px) 100vw, 300px\" \/><\/a><\/p>\n<p>H\u00e1 cinco meses, a cervejaria Corina transferiu sua sede para o Setor de Oficinas Norte (quadra 1, Conjunto B, Lote 11) e batizou o novo galp\u00e3o de \u201cCurral da Corina\u201d, em alus\u00e3o \u00e0 vaca que \u00e9 o s\u00edmbolo da marca. Nesse endere\u00e7o, ser\u00e1 realizada domingo, 11, uma hamburgada, a cargo do Parrilla Madrid, harmonizada com os r\u00f3tulos da cerva artesanal.<\/p>\n<p><a href=\"https:\/\/blogs.correiobraziliense.com.br\/lianasabo\/wp-content\/uploads\/sites\/25\/2016\/12\/image1.jpg\" rel=\"attachment wp-att-785\"><img loading=\"lazy\" decoding=\"async\" class=\"size-medium wp-image-785 aligncenter\" src=\"https:\/\/blogs.correiobraziliense.com.br\/lianasabo\/wp-content\/uploads\/sites\/25\/2016\/12\/image1-300x300.jpg\" alt=\"image1\" width=\"300\" height=\"300\" srcset=\"https:\/\/blogs.correiobraziliense.com.br\/lianasabo\/wp-content\/uploads\/sites\/25\/2016\/12\/image1-300x300.jpg 300w, https:\/\/blogs.correiobraziliense.com.br\/lianasabo\/wp-content\/uploads\/sites\/25\/2016\/12\/image1-150x150.jpg 150w, https:\/\/blogs.correiobraziliense.com.br\/lianasabo\/wp-content\/uploads\/sites\/25\/2016\/12\/image1-550x550.jpg 550w, https:\/\/blogs.correiobraziliense.com.br\/lianasabo\/wp-content\/uploads\/sites\/25\/2016\/12\/image1-230x230.jpg 230w, https:\/\/blogs.correiobraziliense.com.br\/lianasabo\/wp-content\/uploads\/sites\/25\/2016\/12\/image1.jpg 640w\" sizes=\"auto, (max-width: 300px) 100vw, 300px\" \/><\/a><\/p>\n<p>Ser\u00e3o 12 tipos de cervejas e tr\u00eas de hamb\u00farguer, inclu\u00edndo um vegetariano e um sandu\u00edche com lingui\u00e7a, o choripan, pioneiro da grife gourmet de Gil Guimar\u00e3es. Com entrada franca, o evento se realiza das 11h \u00e0s 18h.<\/p>\n<p>&nbsp;<\/p>\n","protected":false},"excerpt":{"rendered":"<p>H\u00e1 cinco meses, a cervejaria Corina transferiu sua sede para o Setor de Oficinas Norte (quadra 1, Conjunto B, Lote 11) e batizou o novo galp\u00e3o de \u201cCurral da Corina\u201d, em alus\u00e3o \u00e0 vaca que \u00e9 o s\u00edmbolo da marca. Nesse endere\u00e7o, ser\u00e1 realizada domingo, 11, uma hamburgada, a cargo do Parrilla Madrid, harmonizada com os r\u00f3tulos da cerva artesanal. [&hellip;]<\/p>\n","protected":false},"author":54,"featured_media":786,"comment_status":"open","ping_status":"open","sticky":false,"template":"","format":"standard","meta":{"footnotes":""},"categories":[1],"tags":[],"class_list":["post-784","post","type-post","status-publish","format-standard","has-post-thumbnail","hentry","category-sem-categoria"],"_links":{"self":[{"href":"https:\/\/blogs.correiobraziliense.com.br\/lianasabo\/wp-json\/wp\/v2\/posts\/784","targetHints":{"allow":["GET"]}}],"collection":[{"href":"https:\/\/blogs.correiobraziliense.com.br\/lianasabo\/wp-json\/wp\/v2\/posts"}],"about":[{"href":"https:\/\/blogs.correiobraziliense.com.br\/lianasabo\/wp-json\/wp\/v2\/types\/post"}],"author":[{"embeddable":true,"href":"https:\/\/blogs.correiobraziliense.com.br\/lianasabo\/wp-json\/wp\/v2\/users\/54"}],"replies":[{"embeddable":true,"href":"https:\/\/blogs.correiobraziliense.com.br\/lianasabo\/wp-json\/wp\/v2\/comments?post=784"}],"version-history":[{"count":1,"href":"https:\/\/blogs.correiobraziliense.com.br\/lianasabo\/wp-json\/wp\/v2\/posts\/784\/revisions"}],"predecessor-version":[{"id":787,"href":"https:\/\/blogs.correiobraziliense.com.br\/lianasabo\/wp-json\/wp\/v2\/posts\/784\/revisions\/787"}],"wp:featuredmedia":[{"embeddable":true,"href":"https:\/\/blogs.correiobraziliense.com.br\/lianasabo\/wp-json\/wp\/v2\/media\/786"}],"wp:attachment":[{"href":"https:\/\/blogs.correiobraziliense.com.br\/lianasabo\/wp-json\/wp\/v2\/media?parent=784"}],"wp:term":[{"taxonomy":"category","embeddable":true,"href":"https:\/\/blogs.correiobraziliense.com.br\/lianasabo\/wp-json\/wp\/v2\/categories?post=784"},{"taxonomy":"post_tag","embeddable":true,"href":"https:\/\/blogs.correiobraziliense.com.br\/lianasabo\/wp-json\/wp\/v2\/tags?post=784"}],"curies":[{"name":"wp","href":"https:\/\/api.w.org\/{rel}","templated":true}]}}