{"id":7787,"date":"2023-11-24T06:00:18","date_gmt":"2023-11-24T09:00:18","guid":{"rendered":"https:\/\/blogs.correiobraziliense.com.br\/lianasabo\/?p=7787"},"modified":"2023-11-23T18:18:57","modified_gmt":"2023-11-23T21:18:57","slug":"melhores-restaurantes-latino-americanos-serao-conhecidos-em-evento-no-rio-de-janeiro","status":"publish","type":"post","link":"https:\/\/blogs.correiobraziliense.com.br\/lianasabo\/melhores-restaurantes-latino-americanos-serao-conhecidos-em-evento-no-rio-de-janeiro\/","title":{"rendered":"Melhores restaurantes latino-americanos ser\u00e3o conhecidos em evento no Rio de Janeiro"},"content":{"rendered":"<p><em>A premia\u00e7\u00e3o ocorre na ter\u00e7a-feira (28), no Copacabana Palace<\/em><\/p>\n<p>Pela primeira vez, o Rio de Janeiro ser\u00e1 sede na ter\u00e7a-feira, 28, no Copacabana Palace da premia\u00e7\u00e3o dos 50 melhores restaurantes latino-americanos de 2023, ranking criado h\u00e1 10 anos para celebrar a gastronomia em toda a regi\u00e3o e fornecer recomenda\u00e7\u00f5es culin\u00e1rias aos clientes de todo o mundo. \u00c9 patrocinado pelas marcas de \u00e1gua S. Pellegrino &amp; Acqua Panna, com sede em Mil\u00e3o, na It\u00e1lia, que s\u00e3o distribu\u00eddas em mais de 150 pa\u00edses.<\/p>\n<p>J\u00e1 se pode inferir algum ganhador entre os 50 melhores, como o Lasai, do Rio ou A Casa do Porco, de S\u00e3o Paulo, uma vez que grifes, bem posicionadas no passado, este ano entraram na lista estendida dos 51 \u2013100. Como os tr\u00eas paulistanos Mocot\u00f3, de Rodrigo Oliveira; Kotori, de Thiago Ba\u00f1ares e D.O.M. de Alex Atala contemplados respectivamente na 63\u00aa, 64\u00aa e 65\u00aa posi\u00e7\u00e3o. Os brasileiros mais bem posicionados foram o Charco no 56\u00ba lugar e Fame Osteria, no 57\u00ba, ambos de S\u00e3o Paulo. A lista inclui ainda o carioca Cipriani, restaurante italiano do hotel Copacabana Palace, comandado pelo chef Nello Cassese. Na ocasi\u00e3o a chef Jana\u00edna Rueda receber\u00e1 o trof\u00e9u de melhor chef mulher da Am\u00e9rica Latina em 2023.<\/p>\n","protected":false},"excerpt":{"rendered":"<p>A premia\u00e7\u00e3o ocorre na ter\u00e7a-feira (28), no Copacabana Palace Pela primeira vez, o Rio de Janeiro ser\u00e1 sede na ter\u00e7a-feira, 28, no Copacabana Palace da premia\u00e7\u00e3o dos 50 melhores restaurantes latino-americanos de 2023, ranking criado h\u00e1 10 anos para celebrar a gastronomia em toda a regi\u00e3o e fornecer recomenda\u00e7\u00f5es culin\u00e1rias aos clientes de todo o mundo. \u00c9 patrocinado pelas marcas [&hellip;]<\/p>\n","protected":false},"author":54,"featured_media":7788,"comment_status":"open","ping_status":"open","sticky":false,"template":"","format":"standard","meta":{"footnotes":""},"categories":[754],"tags":[948],"class_list":["post-7787","post","type-post","status-publish","format-standard","has-post-thumbnail","hentry","category-premio","tag-50-melhores-restaurantes-latino-americanos-de-2023"],"_links":{"self":[{"href":"https:\/\/blogs.correiobraziliense.com.br\/lianasabo\/wp-json\/wp\/v2\/posts\/7787","targetHints":{"allow":["GET"]}}],"collection":[{"href":"https:\/\/blogs.correiobraziliense.com.br\/lianasabo\/wp-json\/wp\/v2\/posts"}],"about":[{"href":"https:\/\/blogs.correiobraziliense.com.br\/lianasabo\/wp-json\/wp\/v2\/types\/post"}],"author":[{"embeddable":true,"href":"https:\/\/blogs.correiobraziliense.com.br\/lianasabo\/wp-json\/wp\/v2\/users\/54"}],"replies":[{"embeddable":true,"href":"https:\/\/blogs.correiobraziliense.com.br\/lianasabo\/wp-json\/wp\/v2\/comments?post=7787"}],"version-history":[{"count":1,"href":"https:\/\/blogs.correiobraziliense.com.br\/lianasabo\/wp-json\/wp\/v2\/posts\/7787\/revisions"}],"predecessor-version":[{"id":7789,"href":"https:\/\/blogs.correiobraziliense.com.br\/lianasabo\/wp-json\/wp\/v2\/posts\/7787\/revisions\/7789"}],"wp:featuredmedia":[{"embeddable":true,"href":"https:\/\/blogs.correiobraziliense.com.br\/lianasabo\/wp-json\/wp\/v2\/media\/7788"}],"wp:attachment":[{"href":"https:\/\/blogs.correiobraziliense.com.br\/lianasabo\/wp-json\/wp\/v2\/media?parent=7787"}],"wp:term":[{"taxonomy":"category","embeddable":true,"href":"https:\/\/blogs.correiobraziliense.com.br\/lianasabo\/wp-json\/wp\/v2\/categories?post=7787"},{"taxonomy":"post_tag","embeddable":true,"href":"https:\/\/blogs.correiobraziliense.com.br\/lianasabo\/wp-json\/wp\/v2\/tags?post=7787"}],"curies":[{"name":"wp","href":"https:\/\/api.w.org\/{rel}","templated":true}]}}