{"id":7783,"date":"2023-11-24T06:01:35","date_gmt":"2023-11-24T09:01:35","guid":{"rendered":"https:\/\/blogs.correiobraziliense.com.br\/lianasabo\/?p=7783"},"modified":"2023-11-23T18:19:25","modified_gmt":"2023-11-23T21:19:25","slug":"a-casa-de-jorge-oferece-musica-e-gastronomia-24-horas-no-saan","status":"publish","type":"post","link":"https:\/\/blogs.correiobraziliense.com.br\/lianasabo\/a-casa-de-jorge-oferece-musica-e-gastronomia-24-horas-no-saan\/","title":{"rendered":"A Casa de Jorge oferece m\u00fasica e gastronomia 24 horas no SAAN"},"content":{"rendered":"<p><em>O novo estabelecimento presta um tributo a uma s\u00e9rie de Jorges, entre eles, o empres\u00e1rio mineiro que foi radicado em Bras\u00edlia: Jorge Ferreira<\/em><\/p>\n<figure id=\"attachment_7785\" aria-describedby=\"caption-attachment-7785\" style=\"width: 300px\" class=\"wp-caption alignright\"><a href=\"https:\/\/blogs.correiobraziliense.com.br\/lianasabo\/wp-content\/uploads\/sites\/25\/2023\/11\/Petiscos-A-Casa-de-Jorge_Carru-Divulga\u00e7\u00e3o-1.jpg\"><img loading=\"lazy\" decoding=\"async\" class=\"size-medium wp-image-7785\" src=\"https:\/\/blogs.correiobraziliense.com.br\/lianasabo\/wp-content\/uploads\/sites\/25\/2023\/11\/Petiscos-A-Casa-de-Jorge_Carru-Divulga\u00e7\u00e3o-1-300x200.jpg\" alt=\"\" width=\"300\" height=\"200\" srcset=\"https:\/\/blogs.correiobraziliense.com.br\/lianasabo\/wp-content\/uploads\/sites\/25\/2023\/11\/Petiscos-A-Casa-de-Jorge_Carru-Divulga\u00e7\u00e3o-1-300x200.jpg 300w, https:\/\/blogs.correiobraziliense.com.br\/lianasabo\/wp-content\/uploads\/sites\/25\/2023\/11\/Petiscos-A-Casa-de-Jorge_Carru-Divulga\u00e7\u00e3o-1-768x512.jpg 768w, https:\/\/blogs.correiobraziliense.com.br\/lianasabo\/wp-content\/uploads\/sites\/25\/2023\/11\/Petiscos-A-Casa-de-Jorge_Carru-Divulga\u00e7\u00e3o-1.jpg 800w, https:\/\/blogs.correiobraziliense.com.br\/lianasabo\/wp-content\/uploads\/sites\/25\/2023\/11\/Petiscos-A-Casa-de-Jorge_Carru-Divulga\u00e7\u00e3o-1-550x366.jpg 550w, https:\/\/blogs.correiobraziliense.com.br\/lianasabo\/wp-content\/uploads\/sites\/25\/2023\/11\/Petiscos-A-Casa-de-Jorge_Carru-Divulga\u00e7\u00e3o-1-230x153.jpg 230w\" sizes=\"auto, (max-width: 300px) 100vw, 300px\" \/><\/a><figcaption id=\"caption-attachment-7785\" class=\"wp-caption-text\">Cr\u00e9dito: Carru\/Divulga\u00e7\u00e3o<\/figcaption><\/figure>\n<p>Jorge \u00e9 um nome t\u00e3o amado \u2013 designa santo guerreiro, escritor baiano, poeta argentino, cantor brasileiro e at\u00e9 o Papa Francisco se chama Jorge Mario Bergoglio \u2013 que o empres\u00e1rio brasiliense Jo\u00e3o Nardoto n\u00e3o hesitou em batizar de A Casa de Jorge, seu mais novo empreendimento fincado no SAAN, com o prop\u00f3sito de oferecer m\u00fasica e gastronomia 24 horas.<\/p>\n<p>De quebra, a casa simples na decora\u00e7\u00e3o mas rica na inten\u00e7\u00e3o ostenta uma mesa hist\u00f3rica de bar, que pertenceu a outro homenageado: Jorge Ferreira, empres\u00e1rio mineiro, brasiliense de cora\u00e7\u00e3o, que chegou a ter 11 opera\u00e7\u00f5es na cidade quando partiu repentinamente.<\/p>\n<p>Entre petiscos, entradas, pratos principais e sobremesas destaque para iscas de til\u00e1pia com molho de mostarda, p\u00e1prica e ketchup por R$ 51 e arroz de rabada com aioli de agri\u00e3o por R$ 59.<\/p>\n","protected":false},"excerpt":{"rendered":"<p>O novo estabelecimento presta um tributo a uma s\u00e9rie de Jorges, entre eles, o empres\u00e1rio mineiro que foi radicado em Bras\u00edlia: Jorge Ferreira Jorge \u00e9 um nome t\u00e3o amado \u2013 designa santo guerreiro, escritor baiano, poeta argentino, cantor brasileiro e at\u00e9 o Papa Francisco se chama Jorge Mario Bergoglio \u2013 que o empres\u00e1rio brasiliense Jo\u00e3o Nardoto n\u00e3o hesitou em batizar [&hellip;]<\/p>\n","protected":false},"author":54,"featured_media":7784,"comment_status":"open","ping_status":"open","sticky":false,"template":"","format":"standard","meta":{"footnotes":""},"categories":[326],"tags":[947],"class_list":["post-7783","post","type-post","status-publish","format-standard","has-post-thumbnail","hentry","category-restaurantes","tag-a-casa-de-jorge"],"_links":{"self":[{"href":"https:\/\/blogs.correiobraziliense.com.br\/lianasabo\/wp-json\/wp\/v2\/posts\/7783","targetHints":{"allow":["GET"]}}],"collection":[{"href":"https:\/\/blogs.correiobraziliense.com.br\/lianasabo\/wp-json\/wp\/v2\/posts"}],"about":[{"href":"https:\/\/blogs.correiobraziliense.com.br\/lianasabo\/wp-json\/wp\/v2\/types\/post"}],"author":[{"embeddable":true,"href":"https:\/\/blogs.correiobraziliense.com.br\/lianasabo\/wp-json\/wp\/v2\/users\/54"}],"replies":[{"embeddable":true,"href":"https:\/\/blogs.correiobraziliense.com.br\/lianasabo\/wp-json\/wp\/v2\/comments?post=7783"}],"version-history":[{"count":1,"href":"https:\/\/blogs.correiobraziliense.com.br\/lianasabo\/wp-json\/wp\/v2\/posts\/7783\/revisions"}],"predecessor-version":[{"id":7786,"href":"https:\/\/blogs.correiobraziliense.com.br\/lianasabo\/wp-json\/wp\/v2\/posts\/7783\/revisions\/7786"}],"wp:featuredmedia":[{"embeddable":true,"href":"https:\/\/blogs.correiobraziliense.com.br\/lianasabo\/wp-json\/wp\/v2\/media\/7784"}],"wp:attachment":[{"href":"https:\/\/blogs.correiobraziliense.com.br\/lianasabo\/wp-json\/wp\/v2\/media?parent=7783"}],"wp:term":[{"taxonomy":"category","embeddable":true,"href":"https:\/\/blogs.correiobraziliense.com.br\/lianasabo\/wp-json\/wp\/v2\/categories?post=7783"},{"taxonomy":"post_tag","embeddable":true,"href":"https:\/\/blogs.correiobraziliense.com.br\/lianasabo\/wp-json\/wp\/v2\/tags?post=7783"}],"curies":[{"name":"wp","href":"https:\/\/api.w.org\/{rel}","templated":true}]}}