{"id":7777,"date":"2023-11-24T06:04:44","date_gmt":"2023-11-24T09:04:44","guid":{"rendered":"https:\/\/blogs.correiobraziliense.com.br\/lianasabo\/?p=7777"},"modified":"2023-11-23T18:19:58","modified_gmt":"2023-11-23T21:19:58","slug":"feira-da-garrafeira-oferece-sabores-artesanais","status":"publish","type":"post","link":"https:\/\/blogs.correiobraziliense.com.br\/lianasabo\/feira-da-garrafeira-oferece-sabores-artesanais\/","title":{"rendered":"Feira da Garrafeira oferece sabores artesanais"},"content":{"rendered":"<p><em>A nova edi\u00e7\u00e3o ocorre com a presen\u00e7a dos produtos de Maria da Concei\u00e7\u00e3o Campos e Marga Stroher<\/em><\/p>\n<p>Faltando, a partir de amanh\u00e3 (25\/11), quatro s\u00e1bados para o Natal, a Feira da Garrafeira na 215 Sul constitui uma op\u00e7\u00e3o para quem busca vinhos, presentes e sabores artesanais confeccionados pelas expositoras que o ano inteiro desenvolvem cria\u00e7\u00f5es saborosas. Como a chef Brico, grife da culinarista Maria da Concei\u00e7\u00e3o Campos, que conseguiu reunir numa embalagem chamada Risottinho uma mistura de arroz arb\u00f3rio, tomate e manjeric\u00e3o que depois de 20 minutos no fogo se transforma nem deliciosa por\u00e7\u00e3o, sem gl\u00faten, para duas pessoas por R$ 32. Telefone: 99665-9880.<\/p>\n<figure id=\"attachment_7780\" aria-describedby=\"caption-attachment-7780\" style=\"width: 326px\" class=\"wp-caption aligncenter\"><a href=\"https:\/\/blogs.correiobraziliense.com.br\/lianasabo\/wp-content\/uploads\/sites\/25\/2023\/11\/WhatsApp-Image-2023-11-23-at-15.46.25-1.jpeg\"><img loading=\"lazy\" decoding=\"async\" class=\"size-full wp-image-7780\" src=\"https:\/\/blogs.correiobraziliense.com.br\/lianasabo\/wp-content\/uploads\/sites\/25\/2023\/11\/WhatsApp-Image-2023-11-23-at-15.46.25-1.jpeg\" alt=\"\" width=\"326\" height=\"326\" srcset=\"https:\/\/blogs.correiobraziliense.com.br\/lianasabo\/wp-content\/uploads\/sites\/25\/2023\/11\/WhatsApp-Image-2023-11-23-at-15.46.25-1.jpeg 326w, https:\/\/blogs.correiobraziliense.com.br\/lianasabo\/wp-content\/uploads\/sites\/25\/2023\/11\/WhatsApp-Image-2023-11-23-at-15.46.25-1-150x150.jpeg 150w, https:\/\/blogs.correiobraziliense.com.br\/lianasabo\/wp-content\/uploads\/sites\/25\/2023\/11\/WhatsApp-Image-2023-11-23-at-15.46.25-1-300x300.jpeg 300w, https:\/\/blogs.correiobraziliense.com.br\/lianasabo\/wp-content\/uploads\/sites\/25\/2023\/11\/WhatsApp-Image-2023-11-23-at-15.46.25-1-230x230.jpeg 230w\" sizes=\"auto, (max-width: 326px) 100vw, 326px\" \/><\/a><figcaption id=\"caption-attachment-7780\" class=\"wp-caption-text\">Stollen, bolo alem\u00e3o de Natal, de Marga Stroher. Cr\u00e9dito: Arquivo pessoal<\/figcaption><\/figure>\n<p>Outra chef de talento \u00e9 a confeiteira Marga Stroher que faz Stollen, bolo alem\u00e3o t\u00edpico de Natal origin\u00e1rio da cidade de Dresden, que \u00e9 uma esp\u00e9cie de panetone com frutas cristalizadas e passas ao rum, nozes e am\u00eandoas no formato alongado que remete ao menino Jesus envolto em panos, da\u00ed tamb\u00e9m chamar-se Christkuchen (bolo de Cristo) por R$ 55, 400g. Ela tamb\u00e9m faz tortas com sabores de mirtilo, morango, pera, figo ou p\u00eassego, al\u00e9m do bolo de t\u00e2maras. Encomendas: 99995-0667 e <a href=\"https:\/\/www.instagram.com\/honigbiscoitos\/\">@honigbiscoitos<\/a>.<\/p>\n","protected":false},"excerpt":{"rendered":"<p>A nova edi\u00e7\u00e3o ocorre com a presen\u00e7a dos produtos de Maria da Concei\u00e7\u00e3o Campos e Marga Stroher Faltando, a partir de amanh\u00e3 (25\/11), quatro s\u00e1bados para o Natal, a Feira da Garrafeira na 215 Sul constitui uma op\u00e7\u00e3o para quem busca vinhos, presentes e sabores artesanais confeccionados pelas expositoras que o ano inteiro desenvolvem cria\u00e7\u00f5es saborosas. Como a chef Brico, [&hellip;]<\/p>\n","protected":false},"author":54,"featured_media":7782,"comment_status":"open","ping_status":"open","sticky":false,"template":"","format":"standard","meta":{"footnotes":""},"categories":[1],"tags":[946],"class_list":["post-7777","post","type-post","status-publish","format-standard","has-post-thumbnail","hentry","category-sem-categoria","tag-feira-da-garrafeira"],"_links":{"self":[{"href":"https:\/\/blogs.correiobraziliense.com.br\/lianasabo\/wp-json\/wp\/v2\/posts\/7777","targetHints":{"allow":["GET"]}}],"collection":[{"href":"https:\/\/blogs.correiobraziliense.com.br\/lianasabo\/wp-json\/wp\/v2\/posts"}],"about":[{"href":"https:\/\/blogs.correiobraziliense.com.br\/lianasabo\/wp-json\/wp\/v2\/types\/post"}],"author":[{"embeddable":true,"href":"https:\/\/blogs.correiobraziliense.com.br\/lianasabo\/wp-json\/wp\/v2\/users\/54"}],"replies":[{"embeddable":true,"href":"https:\/\/blogs.correiobraziliense.com.br\/lianasabo\/wp-json\/wp\/v2\/comments?post=7777"}],"version-history":[{"count":2,"href":"https:\/\/blogs.correiobraziliense.com.br\/lianasabo\/wp-json\/wp\/v2\/posts\/7777\/revisions"}],"predecessor-version":[{"id":7781,"href":"https:\/\/blogs.correiobraziliense.com.br\/lianasabo\/wp-json\/wp\/v2\/posts\/7777\/revisions\/7781"}],"wp:featuredmedia":[{"embeddable":true,"href":"https:\/\/blogs.correiobraziliense.com.br\/lianasabo\/wp-json\/wp\/v2\/media\/7782"}],"wp:attachment":[{"href":"https:\/\/blogs.correiobraziliense.com.br\/lianasabo\/wp-json\/wp\/v2\/media?parent=7777"}],"wp:term":[{"taxonomy":"category","embeddable":true,"href":"https:\/\/blogs.correiobraziliense.com.br\/lianasabo\/wp-json\/wp\/v2\/categories?post=7777"},{"taxonomy":"post_tag","embeddable":true,"href":"https:\/\/blogs.correiobraziliense.com.br\/lianasabo\/wp-json\/wp\/v2\/tags?post=7777"}],"curies":[{"name":"wp","href":"https:\/\/api.w.org\/{rel}","templated":true}]}}