{"id":7764,"date":"2023-11-17T08:42:56","date_gmt":"2023-11-17T11:42:56","guid":{"rendered":"https:\/\/blogs.correiobraziliense.com.br\/lianasabo\/?p=7764"},"modified":"2023-11-17T08:42:56","modified_gmt":"2023-11-17T11:42:56","slug":"mais-de-400-rotulos-de-15-paises-serao-apresentados-no-evento-wine-fair","status":"publish","type":"post","link":"https:\/\/blogs.correiobraziliense.com.br\/lianasabo\/mais-de-400-rotulos-de-15-paises-serao-apresentados-no-evento-wine-fair\/","title":{"rendered":"Mais de 400 r\u00f3tulos de 15 pa\u00edses ser\u00e3o apresentados no evento Wine Fair"},"content":{"rendered":"<p><em>A feira promovida pela Rota do Vinho ocorre na pr\u00f3xima semana no Clube Ascade<\/em><\/p>\n<p>Com os descontos t\u00edpicos da semana de Black Friday ser\u00e1 realizada quinta-feira 23, na Ascade, entre 18h e 22h30, a feira anual de vinhos promovida pela Rota do Vinho, que tem a frente Marcos e Mariana Rachelle.<\/p>\n<p>Wine Fair vai trazer mais de 400 r\u00f3tulos de 15 pa\u00edses, inclusive Marrocos, Eslov\u00eania e Israel, al\u00e9m de tradicionais produtores do Velho e Novo Mundo para degusta\u00e7\u00e3o e venda no local. Voc\u00ea vai poder conferir vinhos biodin\u00e2micos e org\u00e2nicos de pequenas vin\u00edcolas, acompanhados de queijos, frios e antepastos que fazem parte da mesa.<\/p>\n<p>Atra\u00e7\u00f5es extras est\u00e3o a cargo do Sant\u00e9 13 com pratinhos de pasta e risoto, al\u00e9m de degusta\u00e7\u00e3o de ostras frescas de Florian\u00f3polis. \u201cCom espumante super gelado foi uma grande pedida no ano passado, que se repetir\u00e1 agora\u201d, garante Marquinhos. O ingresso sai por R$ 199 na Rota do Vinho (410 Sul, Bloco C) ou pelo site Sympla. Informa\u00e7\u00f5es: 3526-6168.<\/p>\n","protected":false},"excerpt":{"rendered":"<p>A feira promovida pela Rota do Vinho ocorre na pr\u00f3xima semana no Clube Ascade Com os descontos t\u00edpicos da semana de Black Friday ser\u00e1 realizada quinta-feira 23, na Ascade, entre 18h e 22h30, a feira anual de vinhos promovida pela Rota do Vinho, que tem a frente Marcos e Mariana Rachelle. Wine Fair vai trazer mais de 400 r\u00f3tulos de [&hellip;]<\/p>\n","protected":false},"author":54,"featured_media":7765,"comment_status":"open","ping_status":"open","sticky":false,"template":"","format":"standard","meta":{"footnotes":""},"categories":[222],"tags":[448,298,297],"class_list":["post-7764","post","type-post","status-publish","format-standard","has-post-thumbnail","hentry","category-vinhos","tag-feira","tag-rota-do-vinho","tag-wine-fair"],"_links":{"self":[{"href":"https:\/\/blogs.correiobraziliense.com.br\/lianasabo\/wp-json\/wp\/v2\/posts\/7764","targetHints":{"allow":["GET"]}}],"collection":[{"href":"https:\/\/blogs.correiobraziliense.com.br\/lianasabo\/wp-json\/wp\/v2\/posts"}],"about":[{"href":"https:\/\/blogs.correiobraziliense.com.br\/lianasabo\/wp-json\/wp\/v2\/types\/post"}],"author":[{"embeddable":true,"href":"https:\/\/blogs.correiobraziliense.com.br\/lianasabo\/wp-json\/wp\/v2\/users\/54"}],"replies":[{"embeddable":true,"href":"https:\/\/blogs.correiobraziliense.com.br\/lianasabo\/wp-json\/wp\/v2\/comments?post=7764"}],"version-history":[{"count":1,"href":"https:\/\/blogs.correiobraziliense.com.br\/lianasabo\/wp-json\/wp\/v2\/posts\/7764\/revisions"}],"predecessor-version":[{"id":7766,"href":"https:\/\/blogs.correiobraziliense.com.br\/lianasabo\/wp-json\/wp\/v2\/posts\/7764\/revisions\/7766"}],"wp:featuredmedia":[{"embeddable":true,"href":"https:\/\/blogs.correiobraziliense.com.br\/lianasabo\/wp-json\/wp\/v2\/media\/7765"}],"wp:attachment":[{"href":"https:\/\/blogs.correiobraziliense.com.br\/lianasabo\/wp-json\/wp\/v2\/media?parent=7764"}],"wp:term":[{"taxonomy":"category","embeddable":true,"href":"https:\/\/blogs.correiobraziliense.com.br\/lianasabo\/wp-json\/wp\/v2\/categories?post=7764"},{"taxonomy":"post_tag","embeddable":true,"href":"https:\/\/blogs.correiobraziliense.com.br\/lianasabo\/wp-json\/wp\/v2\/tags?post=7764"}],"curies":[{"name":"wp","href":"https:\/\/api.w.org\/{rel}","templated":true}]}}