{"id":7758,"date":"2023-11-17T08:34:56","date_gmt":"2023-11-17T11:34:56","guid":{"rendered":"https:\/\/blogs.correiobraziliense.com.br\/lianasabo\/?p=7758"},"modified":"2023-11-17T08:34:56","modified_gmt":"2023-11-17T11:34:56","slug":"chef-irlandes-participa-do-evento-churrascos-do-mundo-na-proxima-semana","status":"publish","type":"post","link":"https:\/\/blogs.correiobraziliense.com.br\/lianasabo\/chef-irlandes-participa-do-evento-churrascos-do-mundo-na-proxima-semana\/","title":{"rendered":"Chef irland\u00eas participa do evento Churrascos do Mundo na pr\u00f3xima semana"},"content":{"rendered":"<p><em>Essa \u00e9 a segunda edi\u00e7\u00e3o da proposta da Fazenda Churrascada Bras\u00edlia<\/em><\/p>\n<p>John Relihan, um craque em churrasco (barbecue para os ingleses) que aprendeu a arte na Funda\u00e7\u00e3o Jamie Oliver, onde ingressou aos 16 anos, estar\u00e1 entre n\u00f3s na pr\u00f3xima sexta-feira, 24. Ele, que tem em Dublin o renomado restaurante Pitt Bros, vai se apresentar \u00e0 beira do fogo na Fazenda Churrascada Bras\u00edlia, que funciona no Clube de Golfe.<\/p>\n<p>O chef irland\u00eas \u00e9 a atra\u00e7\u00e3o da segunda edi\u00e7\u00e3o do evento Churrascos do Mundo, no qual ir\u00e1 preparar o beef Tomahawk, servido com sal marinho de Madon (produzido pela evapora\u00e7\u00e3o da \u00e1gua do mar no litoral da Inglaterra), chimichurri, repolho refogado com tomilho e bacon defumado. Reservas: 99271-2652 (whatsapp).<\/p>\n","protected":false},"excerpt":{"rendered":"<p>Essa \u00e9 a segunda edi\u00e7\u00e3o da proposta da Fazenda Churrascada Bras\u00edlia John Relihan, um craque em churrasco (barbecue para os ingleses) que aprendeu a arte na Funda\u00e7\u00e3o Jamie Oliver, onde ingressou aos 16 anos, estar\u00e1 entre n\u00f3s na pr\u00f3xima sexta-feira, 24. Ele, que tem em Dublin o renomado restaurante Pitt Bros, vai se apresentar \u00e0 beira do fogo na Fazenda [&hellip;]<\/p>\n","protected":false},"author":54,"featured_media":7759,"comment_status":"open","ping_status":"open","sticky":false,"template":"","format":"standard","meta":{"footnotes":""},"categories":[231],"tags":[600,646],"class_list":["post-7758","post","type-post","status-publish","format-standard","has-post-thumbnail","hentry","category-churrascaria","tag-churrascos-do-mundo","tag-fazenda-churrascada-brasilia"],"_links":{"self":[{"href":"https:\/\/blogs.correiobraziliense.com.br\/lianasabo\/wp-json\/wp\/v2\/posts\/7758","targetHints":{"allow":["GET"]}}],"collection":[{"href":"https:\/\/blogs.correiobraziliense.com.br\/lianasabo\/wp-json\/wp\/v2\/posts"}],"about":[{"href":"https:\/\/blogs.correiobraziliense.com.br\/lianasabo\/wp-json\/wp\/v2\/types\/post"}],"author":[{"embeddable":true,"href":"https:\/\/blogs.correiobraziliense.com.br\/lianasabo\/wp-json\/wp\/v2\/users\/54"}],"replies":[{"embeddable":true,"href":"https:\/\/blogs.correiobraziliense.com.br\/lianasabo\/wp-json\/wp\/v2\/comments?post=7758"}],"version-history":[{"count":1,"href":"https:\/\/blogs.correiobraziliense.com.br\/lianasabo\/wp-json\/wp\/v2\/posts\/7758\/revisions"}],"predecessor-version":[{"id":7760,"href":"https:\/\/blogs.correiobraziliense.com.br\/lianasabo\/wp-json\/wp\/v2\/posts\/7758\/revisions\/7760"}],"wp:featuredmedia":[{"embeddable":true,"href":"https:\/\/blogs.correiobraziliense.com.br\/lianasabo\/wp-json\/wp\/v2\/media\/7759"}],"wp:attachment":[{"href":"https:\/\/blogs.correiobraziliense.com.br\/lianasabo\/wp-json\/wp\/v2\/media?parent=7758"}],"wp:term":[{"taxonomy":"category","embeddable":true,"href":"https:\/\/blogs.correiobraziliense.com.br\/lianasabo\/wp-json\/wp\/v2\/categories?post=7758"},{"taxonomy":"post_tag","embeddable":true,"href":"https:\/\/blogs.correiobraziliense.com.br\/lianasabo\/wp-json\/wp\/v2\/tags?post=7758"}],"curies":[{"name":"wp","href":"https:\/\/api.w.org\/{rel}","templated":true}]}}