{"id":7745,"date":"2023-11-10T06:22:41","date_gmt":"2023-11-10T09:22:41","guid":{"rendered":"https:\/\/blogs.correiobraziliense.com.br\/lianasabo\/?p=7745"},"modified":"2023-11-09T13:24:21","modified_gmt":"2023-11-09T16:24:21","slug":"nova-casa-de-parrilla-desembarca-na-asa-norte","status":"publish","type":"post","link":"https:\/\/blogs.correiobraziliense.com.br\/lianasabo\/nova-casa-de-parrilla-desembarca-na-asa-norte\/","title":{"rendered":"Nova casa de parrilla desembarca na Asa Norte"},"content":{"rendered":"<p><em>O estabelecimento est\u00e1 previsto para ser inaugurado em novembro sob o nome de Ancho<\/em><\/p>\n<p>Vai se chamar Ancho a parrilla que estar\u00e1 aberta at\u00e9 o fim deste m\u00eas na 116 Norte, estimam os propriet\u00e1rios Hudson Souza, que toca o Submore h\u00e1 quase tr\u00eas d\u00e9cadas, e o chef Gustavo Mariasis, do La Porte\u00f1a, primeira empanada argentina da cidade. Cortes especiais como entranha e chorizo ser\u00e3o servidos acompanhados de batata assada na parrilla, salada e farofa \u2013 \u201cprodutos de qualidade a pre\u00e7o justo\u201d, prometem.<\/p>\n","protected":false},"excerpt":{"rendered":"<p>O estabelecimento est\u00e1 previsto para ser inaugurado em novembro sob o nome de Ancho Vai se chamar Ancho a parrilla que estar\u00e1 aberta at\u00e9 o fim deste m\u00eas na 116 Norte, estimam os propriet\u00e1rios Hudson Souza, que toca o Submore h\u00e1 quase tr\u00eas d\u00e9cadas, e o chef Gustavo Mariasis, do La Porte\u00f1a, primeira empanada argentina da cidade. Cortes especiais como [&hellip;]<\/p>\n","protected":false},"author":54,"featured_media":0,"comment_status":"open","ping_status":"open","sticky":false,"template":"","format":"standard","meta":{"footnotes":""},"categories":[326],"tags":[937,410],"class_list":["post-7745","post","type-post","status-publish","format-standard","hentry","category-restaurantes","tag-ancho","tag-parrilla"],"_links":{"self":[{"href":"https:\/\/blogs.correiobraziliense.com.br\/lianasabo\/wp-json\/wp\/v2\/posts\/7745","targetHints":{"allow":["GET"]}}],"collection":[{"href":"https:\/\/blogs.correiobraziliense.com.br\/lianasabo\/wp-json\/wp\/v2\/posts"}],"about":[{"href":"https:\/\/blogs.correiobraziliense.com.br\/lianasabo\/wp-json\/wp\/v2\/types\/post"}],"author":[{"embeddable":true,"href":"https:\/\/blogs.correiobraziliense.com.br\/lianasabo\/wp-json\/wp\/v2\/users\/54"}],"replies":[{"embeddable":true,"href":"https:\/\/blogs.correiobraziliense.com.br\/lianasabo\/wp-json\/wp\/v2\/comments?post=7745"}],"version-history":[{"count":1,"href":"https:\/\/blogs.correiobraziliense.com.br\/lianasabo\/wp-json\/wp\/v2\/posts\/7745\/revisions"}],"predecessor-version":[{"id":7746,"href":"https:\/\/blogs.correiobraziliense.com.br\/lianasabo\/wp-json\/wp\/v2\/posts\/7745\/revisions\/7746"}],"wp:attachment":[{"href":"https:\/\/blogs.correiobraziliense.com.br\/lianasabo\/wp-json\/wp\/v2\/media?parent=7745"}],"wp:term":[{"taxonomy":"category","embeddable":true,"href":"https:\/\/blogs.correiobraziliense.com.br\/lianasabo\/wp-json\/wp\/v2\/categories?post=7745"},{"taxonomy":"post_tag","embeddable":true,"href":"https:\/\/blogs.correiobraziliense.com.br\/lianasabo\/wp-json\/wp\/v2\/tags?post=7745"}],"curies":[{"name":"wp","href":"https:\/\/api.w.org\/{rel}","templated":true}]}}