{"id":7741,"date":"2023-11-09T13:21:19","date_gmt":"2023-11-09T16:21:19","guid":{"rendered":"https:\/\/blogs.correiobraziliense.com.br\/lianasabo\/?p=7741"},"modified":"2023-11-09T13:21:19","modified_gmt":"2023-11-09T16:21:19","slug":"ultima-edicao-da-feira-de-vinhos-ocorre-nesta-sexta-feira-10","status":"publish","type":"post","link":"https:\/\/blogs.correiobraziliense.com.br\/lianasabo\/ultima-edicao-da-feira-de-vinhos-ocorre-nesta-sexta-feira-10\/","title":{"rendered":"\u00daltima edi\u00e7\u00e3o da Feira de Vinhos ocorre nesta sexta-feira (10)"},"content":{"rendered":"<p><em>Na oportunidade, o p\u00fablico poder\u00e1 comprar diferentes r\u00f3tulos a pre\u00e7os acess\u00edveis<\/em><\/p>\n<figure id=\"attachment_7743\" aria-describedby=\"caption-attachment-7743\" style=\"width: 225px\" class=\"wp-caption alignleft\"><a href=\"https:\/\/blogs.correiobraziliense.com.br\/lianasabo\/wp-content\/uploads\/sites\/25\/2023\/11\/WhatsApp-Image-2023-11-09-at-12.52.18.jpeg\"><img loading=\"lazy\" decoding=\"async\" class=\"size-medium wp-image-7743\" src=\"https:\/\/blogs.correiobraziliense.com.br\/lianasabo\/wp-content\/uploads\/sites\/25\/2023\/11\/WhatsApp-Image-2023-11-09-at-12.52.18-225x300.jpeg\" alt=\"\" width=\"225\" height=\"300\" srcset=\"https:\/\/blogs.correiobraziliense.com.br\/lianasabo\/wp-content\/uploads\/sites\/25\/2023\/11\/WhatsApp-Image-2023-11-09-at-12.52.18-225x300.jpeg 225w, https:\/\/blogs.correiobraziliense.com.br\/lianasabo\/wp-content\/uploads\/sites\/25\/2023\/11\/WhatsApp-Image-2023-11-09-at-12.52.18-768x1024.jpeg 768w, https:\/\/blogs.correiobraziliense.com.br\/lianasabo\/wp-content\/uploads\/sites\/25\/2023\/11\/WhatsApp-Image-2023-11-09-at-12.52.18.jpeg 800w, https:\/\/blogs.correiobraziliense.com.br\/lianasabo\/wp-content\/uploads\/sites\/25\/2023\/11\/WhatsApp-Image-2023-11-09-at-12.52.18-550x734.jpeg 550w, https:\/\/blogs.correiobraziliense.com.br\/lianasabo\/wp-content\/uploads\/sites\/25\/2023\/11\/WhatsApp-Image-2023-11-09-at-12.52.18-230x307.jpeg 230w\" sizes=\"auto, (max-width: 225px) 100vw, 225px\" \/><\/a><figcaption id=\"caption-attachment-7743\" class=\"wp-caption-text\">Cr\u00e9dito: A Garrafeira\/Divulga\u00e7\u00e3o<\/figcaption><\/figure>\n<p>Com a proximidade das festas de fim de ano, \u00e9poca de maior movimento no setor varejista, Carlos Medeiros de A Garrafeira promove na sexta-feira (10\/11) a \u00faltima edi\u00e7\u00e3o de 2023 da Feira de Vinhos, que ter\u00e1 in\u00edcio \u00e0s 17h na loja situada na 215 Sul, com ingressos vendidos a R$ 100.<\/p>\n<p>H\u00e1 vinhos desde R$ 29,90 que, se comprados meia d\u00fazia saem por R$ 25,90 a garrafa. Na degusta\u00e7\u00e3o ser\u00e3o servidos espumantes, brancos, ros\u00e9s e tintos. Telefone: 98123-2520.<\/p>\n<p><strong>Confira as bebidas que estar\u00e3o dispon\u00edveis:<\/strong><\/p>\n<p>Lovara Espumante Moscatel<br \/>\nCasa Valduga Espumante Mima Moscatel<br \/>\nCasa Valduga Espumante Mima Brut Rose<br \/>\nCasa Valduga Espumante Premivm Brut Rose<br \/>\nAmitie Espumante Cuvee Brut Rose<br \/>\nAmitie Espumante Cuvee Brut Branco<br \/>\n1913 Espumante Brut Branco<br \/>\nPeruzzo Espumante Brut Branco<br \/>\nZanella Blanc de Blanc<br \/>\nSavian Espumante Evento Rose Brut<\/p>\n<p>Amitie Sauvignon Blanc<br \/>\nLovara Chardonnay<br \/>\nGuahyba Estate Alvarinho<br \/>\nFoppa &amp; Ambrosi Alvarinho<br \/>\nFoppa &amp; Ambrosi Cultura Chardonnay<br \/>\nMarzarotto Pleno Blanc Giallo<br \/>\nPanizzon Moscato Giallo<\/p>\n<p>Casa Valduga Arte Rose<br \/>\nAlma Trento Olga Rose<br \/>\nVilla de Vinhas Rose<br \/>\nLarentis Lola Rose<br \/>\nMar de Morros Rose<br \/>\nCasa Verrone Rose<br \/>\nVinas Del Tango Rose<\/p>\n<p>Monte Castelo Sarah<br \/>\nTalha &#8211; Mar Syrah<br \/>\nCaure Syrah<br \/>\nAmitie Pinot Noir<br \/>\nSensi Collezione Chianti<br \/>\nSensi Collezione Pinot Noir<br \/>\nToso Barbera D Asti<br \/>\nToso Dolcetto D Alba<br \/>\nStilus Jack Label<br \/>\nKleinKloof Red<\/p>\n","protected":false},"excerpt":{"rendered":"<p>Na oportunidade, o p\u00fablico poder\u00e1 comprar diferentes r\u00f3tulos a pre\u00e7os acess\u00edveis Com a proximidade das festas de fim de ano, \u00e9poca de maior movimento no setor varejista, Carlos Medeiros de A Garrafeira promove na sexta-feira (10\/11) a \u00faltima edi\u00e7\u00e3o de 2023 da Feira de Vinhos, que ter\u00e1 in\u00edcio \u00e0s 17h na loja situada na 215 Sul, com ingressos vendidos a [&hellip;]<\/p>\n","protected":false},"author":54,"featured_media":7742,"comment_status":"open","ping_status":"open","sticky":false,"template":"","format":"standard","meta":{"footnotes":""},"categories":[222],"tags":[492,936],"class_list":["post-7741","post","type-post","status-publish","format-standard","has-post-thumbnail","hentry","category-vinhos","tag-a-garrafeira","tag-feira-de-vinhos"],"_links":{"self":[{"href":"https:\/\/blogs.correiobraziliense.com.br\/lianasabo\/wp-json\/wp\/v2\/posts\/7741","targetHints":{"allow":["GET"]}}],"collection":[{"href":"https:\/\/blogs.correiobraziliense.com.br\/lianasabo\/wp-json\/wp\/v2\/posts"}],"about":[{"href":"https:\/\/blogs.correiobraziliense.com.br\/lianasabo\/wp-json\/wp\/v2\/types\/post"}],"author":[{"embeddable":true,"href":"https:\/\/blogs.correiobraziliense.com.br\/lianasabo\/wp-json\/wp\/v2\/users\/54"}],"replies":[{"embeddable":true,"href":"https:\/\/blogs.correiobraziliense.com.br\/lianasabo\/wp-json\/wp\/v2\/comments?post=7741"}],"version-history":[{"count":1,"href":"https:\/\/blogs.correiobraziliense.com.br\/lianasabo\/wp-json\/wp\/v2\/posts\/7741\/revisions"}],"predecessor-version":[{"id":7744,"href":"https:\/\/blogs.correiobraziliense.com.br\/lianasabo\/wp-json\/wp\/v2\/posts\/7741\/revisions\/7744"}],"wp:featuredmedia":[{"embeddable":true,"href":"https:\/\/blogs.correiobraziliense.com.br\/lianasabo\/wp-json\/wp\/v2\/media\/7742"}],"wp:attachment":[{"href":"https:\/\/blogs.correiobraziliense.com.br\/lianasabo\/wp-json\/wp\/v2\/media?parent=7741"}],"wp:term":[{"taxonomy":"category","embeddable":true,"href":"https:\/\/blogs.correiobraziliense.com.br\/lianasabo\/wp-json\/wp\/v2\/categories?post=7741"},{"taxonomy":"post_tag","embeddable":true,"href":"https:\/\/blogs.correiobraziliense.com.br\/lianasabo\/wp-json\/wp\/v2\/tags?post=7741"}],"curies":[{"name":"wp","href":"https:\/\/api.w.org\/{rel}","templated":true}]}}