{"id":773,"date":"2016-12-09T10:54:49","date_gmt":"2016-12-09T12:54:49","guid":{"rendered":"https:\/\/blogs.correiobraziliense.com.br\/lianasabo\/?p=773"},"modified":"2016-12-08T18:58:04","modified_gmt":"2016-12-08T20:58:04","slug":"corre-o-ultimo-festival-gastronomico-do-nipo-comeca-hoje","status":"publish","type":"post","link":"https:\/\/blogs.correiobraziliense.com.br\/lianasabo\/corre-o-ultimo-festival-gastronomico-do-nipo-comeca-hoje\/","title":{"rendered":"Corre! O \u00faltimo festival gastron\u00f4mico do Nipo come\u00e7a hoje!"},"content":{"rendered":"<p>Yakisoba, tempur\u00e1 de camar\u00e3o, temaki, gyoza, lamen, yakitori e outras iguarias da cozinha japonesa s\u00e3o oferecidos hoje, das 18h \u00e0 0h, e amanh\u00e3, das 11h \u00e0 0h, no Clube Nipo (SCS, Trecho 1), no festival gastron\u00f4mico e cultural, que ser\u00e1 o \u00faltimo do ano. Ingressos vendidos pelo site <a href=\"http:\/\/www.nipofestivas.com.br\/\">www.nipofestivas.com.br<\/a><\/p>\n","protected":false},"excerpt":{"rendered":"<p>Yakisoba, tempur\u00e1 de camar\u00e3o, temaki, gyoza, lamen, yakitori e outras iguarias da cozinha japonesa s\u00e3o oferecidos hoje, das 18h \u00e0 0h, e amanh\u00e3, das 11h \u00e0 0h, no Clube Nipo (SCS, Trecho 1), no festival gastron\u00f4mico e cultural, que ser\u00e1 o \u00faltimo do ano. Ingressos vendidos pelo site www.nipofestivas.com.br<\/p>\n","protected":false},"author":54,"featured_media":775,"comment_status":"open","ping_status":"open","sticky":false,"template":"","format":"standard","meta":{"footnotes":""},"categories":[1],"tags":[],"class_list":["post-773","post","type-post","status-publish","format-standard","has-post-thumbnail","hentry","category-sem-categoria"],"_links":{"self":[{"href":"https:\/\/blogs.correiobraziliense.com.br\/lianasabo\/wp-json\/wp\/v2\/posts\/773","targetHints":{"allow":["GET"]}}],"collection":[{"href":"https:\/\/blogs.correiobraziliense.com.br\/lianasabo\/wp-json\/wp\/v2\/posts"}],"about":[{"href":"https:\/\/blogs.correiobraziliense.com.br\/lianasabo\/wp-json\/wp\/v2\/types\/post"}],"author":[{"embeddable":true,"href":"https:\/\/blogs.correiobraziliense.com.br\/lianasabo\/wp-json\/wp\/v2\/users\/54"}],"replies":[{"embeddable":true,"href":"https:\/\/blogs.correiobraziliense.com.br\/lianasabo\/wp-json\/wp\/v2\/comments?post=773"}],"version-history":[{"count":1,"href":"https:\/\/blogs.correiobraziliense.com.br\/lianasabo\/wp-json\/wp\/v2\/posts\/773\/revisions"}],"predecessor-version":[{"id":774,"href":"https:\/\/blogs.correiobraziliense.com.br\/lianasabo\/wp-json\/wp\/v2\/posts\/773\/revisions\/774"}],"wp:featuredmedia":[{"embeddable":true,"href":"https:\/\/blogs.correiobraziliense.com.br\/lianasabo\/wp-json\/wp\/v2\/media\/775"}],"wp:attachment":[{"href":"https:\/\/blogs.correiobraziliense.com.br\/lianasabo\/wp-json\/wp\/v2\/media?parent=773"}],"wp:term":[{"taxonomy":"category","embeddable":true,"href":"https:\/\/blogs.correiobraziliense.com.br\/lianasabo\/wp-json\/wp\/v2\/categories?post=773"},{"taxonomy":"post_tag","embeddable":true,"href":"https:\/\/blogs.correiobraziliense.com.br\/lianasabo\/wp-json\/wp\/v2\/tags?post=773"}],"curies":[{"name":"wp","href":"https:\/\/api.w.org\/{rel}","templated":true}]}}