{"id":7706,"date":"2023-11-08T10:53:41","date_gmt":"2023-11-08T13:53:41","guid":{"rendered":"https:\/\/blogs.correiobraziliense.com.br\/lianasabo\/?p=7706"},"modified":"2023-11-08T10:53:41","modified_gmt":"2023-11-08T13:53:41","slug":"ultimos-dias-para-curtir-o-festival-bar-em-bar","status":"publish","type":"post","link":"https:\/\/blogs.correiobraziliense.com.br\/lianasabo\/ultimos-dias-para-curtir-o-festival-bar-em-bar\/","title":{"rendered":"\u00daltimos dias para curtir o festival Bar em Bar"},"content":{"rendered":"<p><em>O evento ocorre at\u00e9 domingo, 12 de novembro, com a participa\u00e7\u00e3o de 40 estabelecimentos<\/em><\/p>\n<p>Em sua 17\u00aa edi\u00e7\u00e3o, o festival Bar em Bar est\u00e1 chegando ao fim. Essa \u00e9 a \u00faltima semana para o p\u00fablico apreciar os pratos exclusivos a pre\u00e7os promocionais de R$ 39, R$ 49 ou R$ 59 oferecidos em 40 estabelecimentos gastron\u00f4micos do Distrito Federal. Sob o tema &#8220;A alegria t\u00e1 na mesa&#8221;, o evento ocorre at\u00e9 domingo (12\/11).<\/p>\n<p>Confira a seguir as casas participantes: Aben\u00e7oado Bar e Restaurante (as duas casas), Alograu Bar, Alpinus Choperia e Galeteria, Bar Godofredo, Bendito Sushi Restaurante LTDA, Blas Cozinha de Culturas, BSB Grill Sul, BSB Grill Norte, Emp\u00f3rio Braseiro do Cervejeiro, Fichips, Igglus Restaurante e Pizzaria, Inverso Bar, Nakombi, Primeiro Cozinha de Bar, Quintal da Tia Sandra, Seu Z\u00e9 e Seu Man\u00e9 (as duas casas), SS Gastrobar, Universal Restaurante, Villa Carioca, Leblon Food Park, Jobim, Deck Burguer, Pata Negra Comida de Boteco, Restaurante Xamam, Baco Pizzaria (as duas casas), Casa baco, Assados do Fred, Carioca Bar, Palicone Steakhouse, Supremo Restaurante, Piovan Cucina &amp; Gastro, Quintal bar e restaurante, Emp\u00f3rio DOC Gastrobar, London Street Pub, Mercearia Bar e Restaurante e Rebu Fogo e Fuma\u00e7a.<\/p>\n<p>Mais informa\u00e7\u00f5es: <a href=\"http:\/\/www.barembar.com.br\">www.barembar.com.br<\/a>.<\/p>\n","protected":false},"excerpt":{"rendered":"<p>O evento ocorre at\u00e9 domingo, 12 de novembro, com a participa\u00e7\u00e3o de 40 estabelecimentos Em sua 17\u00aa edi\u00e7\u00e3o, o festival Bar em Bar est\u00e1 chegando ao fim. Essa \u00e9 a \u00faltima semana para o p\u00fablico apreciar os pratos exclusivos a pre\u00e7os promocionais de R$ 39, R$ 49 ou R$ 59 oferecidos em 40 estabelecimentos gastron\u00f4micos do Distrito Federal. Sob o [&hellip;]<\/p>\n","protected":false},"author":54,"featured_media":7707,"comment_status":"open","ping_status":"open","sticky":false,"template":"","format":"standard","meta":{"footnotes":""},"categories":[426],"tags":[634],"class_list":["post-7706","post","type-post","status-publish","format-standard","has-post-thumbnail","hentry","category-festival-gastronomico","tag-festival-bar-em-bar"],"_links":{"self":[{"href":"https:\/\/blogs.correiobraziliense.com.br\/lianasabo\/wp-json\/wp\/v2\/posts\/7706","targetHints":{"allow":["GET"]}}],"collection":[{"href":"https:\/\/blogs.correiobraziliense.com.br\/lianasabo\/wp-json\/wp\/v2\/posts"}],"about":[{"href":"https:\/\/blogs.correiobraziliense.com.br\/lianasabo\/wp-json\/wp\/v2\/types\/post"}],"author":[{"embeddable":true,"href":"https:\/\/blogs.correiobraziliense.com.br\/lianasabo\/wp-json\/wp\/v2\/users\/54"}],"replies":[{"embeddable":true,"href":"https:\/\/blogs.correiobraziliense.com.br\/lianasabo\/wp-json\/wp\/v2\/comments?post=7706"}],"version-history":[{"count":1,"href":"https:\/\/blogs.correiobraziliense.com.br\/lianasabo\/wp-json\/wp\/v2\/posts\/7706\/revisions"}],"predecessor-version":[{"id":7708,"href":"https:\/\/blogs.correiobraziliense.com.br\/lianasabo\/wp-json\/wp\/v2\/posts\/7706\/revisions\/7708"}],"wp:featuredmedia":[{"embeddable":true,"href":"https:\/\/blogs.correiobraziliense.com.br\/lianasabo\/wp-json\/wp\/v2\/media\/7707"}],"wp:attachment":[{"href":"https:\/\/blogs.correiobraziliense.com.br\/lianasabo\/wp-json\/wp\/v2\/media?parent=7706"}],"wp:term":[{"taxonomy":"category","embeddable":true,"href":"https:\/\/blogs.correiobraziliense.com.br\/lianasabo\/wp-json\/wp\/v2\/categories?post=7706"},{"taxonomy":"post_tag","embeddable":true,"href":"https:\/\/blogs.correiobraziliense.com.br\/lianasabo\/wp-json\/wp\/v2\/tags?post=7706"}],"curies":[{"name":"wp","href":"https:\/\/api.w.org\/{rel}","templated":true}]}}