{"id":7674,"date":"2023-10-27T06:30:18","date_gmt":"2023-10-27T09:30:18","guid":{"rendered":"https:\/\/blogs.correiobraziliense.com.br\/lianasabo\/?p=7674"},"modified":"2023-10-26T09:38:59","modified_gmt":"2023-10-26T12:38:59","slug":"sparkling-festival-tem-nova-edicao-no-casapark","status":"publish","type":"post","link":"https:\/\/blogs.correiobraziliense.com.br\/lianasabo\/sparkling-festival-tem-nova-edicao-no-casapark\/","title":{"rendered":"Sparkling Festival tem nova edi\u00e7\u00e3o no Casapark"},"content":{"rendered":"<p><em>O evento vai reunir chefs renomados que apresentar\u00e3o receitas de ver\u00e3o para harmonizar com espumantes e vinhos\u00a0<\/em><\/p>\n<p>Nos dois pr\u00f3ximos dias, amanh\u00e3 (28\/10) e domingo (29), o brasiliense poder\u00e1 curtir um evento que traz espumantes e vinhos de ver\u00e3o, a maioria brasileiros, comidinhas exclusivas preparadas na hora, feira de itens para presente e decora\u00e7\u00e3o, al\u00e9m de um bom jazz que chega at\u00e9 o fundo da alma.<\/p>\n<figure id=\"attachment_7678\" aria-describedby=\"caption-attachment-7678\" style=\"width: 800px\" class=\"wp-caption aligncenter\"><a href=\"https:\/\/blogs.correiobraziliense.com.br\/lianasabo\/wp-content\/uploads\/sites\/25\/2023\/10\/WhatsApp-Image-2023-10-24-at-10.45.27.jpeg\"><img loading=\"lazy\" decoding=\"async\" class=\"size-full wp-image-7678\" src=\"https:\/\/blogs.correiobraziliense.com.br\/lianasabo\/wp-content\/uploads\/sites\/25\/2023\/10\/WhatsApp-Image-2023-10-24-at-10.45.27.jpeg\" alt=\"\" width=\"800\" height=\"533\" srcset=\"https:\/\/blogs.correiobraziliense.com.br\/lianasabo\/wp-content\/uploads\/sites\/25\/2023\/10\/WhatsApp-Image-2023-10-24-at-10.45.27.jpeg 800w, https:\/\/blogs.correiobraziliense.com.br\/lianasabo\/wp-content\/uploads\/sites\/25\/2023\/10\/WhatsApp-Image-2023-10-24-at-10.45.27-300x200.jpeg 300w, https:\/\/blogs.correiobraziliense.com.br\/lianasabo\/wp-content\/uploads\/sites\/25\/2023\/10\/WhatsApp-Image-2023-10-24-at-10.45.27-768x512.jpeg 768w, https:\/\/blogs.correiobraziliense.com.br\/lianasabo\/wp-content\/uploads\/sites\/25\/2023\/10\/WhatsApp-Image-2023-10-24-at-10.45.27-550x366.jpeg 550w, https:\/\/blogs.correiobraziliense.com.br\/lianasabo\/wp-content\/uploads\/sites\/25\/2023\/10\/WhatsApp-Image-2023-10-24-at-10.45.27-230x153.jpeg 230w\" sizes=\"auto, (max-width: 800px) 100vw, 800px\" \/><\/a><figcaption id=\"caption-attachment-7678\" class=\"wp-caption-text\">Larissa Fin. Cr\u00e9dito: Sparkling Festival\/Divulga\u00e7\u00e3o<\/figcaption><\/figure>\n<p>Ser\u00e1 na pra\u00e7a central do Casapark, onde a ga\u00facha santoangelense radicada em S\u00e3o Paulo, Larissa Fin, aporta de novo, desta vez com a segunda edi\u00e7\u00e3o do Sparkling Festival. \u201cBras\u00edlia \u00e9 uma cidade na qual tem crescido muito o consumo de vinho, sobretudo o brasileiro. Percebemos isso quando fizemos a \u00faltima edi\u00e7\u00e3o do Vinho na Vila, em maio no Casapark\u201d, ressalta a idealizadora dos dois eventos. Ela estreou no shopping em 2022 e retorna agora com mais bala na agulha.<\/p>\n<p><strong>Receitas de chefs<\/strong><\/p>\n<figure id=\"attachment_7676\" aria-describedby=\"caption-attachment-7676\" style=\"width: 300px\" class=\"wp-caption alignleft\"><a href=\"https:\/\/blogs.correiobraziliense.com.br\/lianasabo\/wp-content\/uploads\/sites\/25\/2023\/10\/WhatsApp-Image-2023-10-24-at-10.47.11.jpeg\"><img loading=\"lazy\" decoding=\"async\" class=\"size-medium wp-image-7676\" src=\"https:\/\/blogs.correiobraziliense.com.br\/lianasabo\/wp-content\/uploads\/sites\/25\/2023\/10\/WhatsApp-Image-2023-10-24-at-10.47.11-300x233.jpeg\" alt=\"\" width=\"300\" height=\"233\" srcset=\"https:\/\/blogs.correiobraziliense.com.br\/lianasabo\/wp-content\/uploads\/sites\/25\/2023\/10\/WhatsApp-Image-2023-10-24-at-10.47.11-300x233.jpeg 300w, https:\/\/blogs.correiobraziliense.com.br\/lianasabo\/wp-content\/uploads\/sites\/25\/2023\/10\/WhatsApp-Image-2023-10-24-at-10.47.11-768x595.jpeg 768w, https:\/\/blogs.correiobraziliense.com.br\/lianasabo\/wp-content\/uploads\/sites\/25\/2023\/10\/WhatsApp-Image-2023-10-24-at-10.47.11.jpeg 800w, https:\/\/blogs.correiobraziliense.com.br\/lianasabo\/wp-content\/uploads\/sites\/25\/2023\/10\/WhatsApp-Image-2023-10-24-at-10.47.11-550x426.jpeg 550w, https:\/\/blogs.correiobraziliense.com.br\/lianasabo\/wp-content\/uploads\/sites\/25\/2023\/10\/WhatsApp-Image-2023-10-24-at-10.47.11-230x178.jpeg 230w\" sizes=\"auto, (max-width: 300px) 100vw, 300px\" \/><\/a><figcaption id=\"caption-attachment-7676\" class=\"wp-caption-text\">Tabule de quinoa com cenoura, pepino, cebola roxa e tomate. Cr\u00e9dito: Marietta Caf\u00e9\/Divulga\u00e7\u00e3o<\/figcaption><\/figure>\n<p>A novidade ser\u00e1 a presen\u00e7a de dois chefs \u2013 Rafael Costacurta do Marietta Caf\u00e9 e Catarina Freire do Santu\u00e1ria Caf\u00e9 \u2013 que v\u00e3o apresentar comida de ver\u00e3o que harmonizem com espumantes e vinhos brancos dispon\u00edveis na feira. O p\u00fablico poder\u00e1 degustar os pratos, como a salada mista de tabule de quinoa com cenoura, pepino, cebola roxa e tomate preparada por Rafael.<\/p>\n<p>S\u00f3cio da grife Marietta fundada por seu pai Edson Costacurta, Rafael trabalha na rede h\u00e1 24 anos na \u00e1rea operacional, mas tamb\u00e9m se responsabiliza pela gest\u00e3o de alimentos e bebidas, setor onde acumula experi\u00eancias obtidas em viagens em busca de novos vinhos, sabores e harmoniza\u00e7\u00f5es. Ele se apresenta s\u00e1bado, \u00e0s 16h.<\/p>\n<figure id=\"attachment_7677\" aria-describedby=\"caption-attachment-7677\" style=\"width: 300px\" class=\"wp-caption alignright\"><a href=\"https:\/\/blogs.correiobraziliense.com.br\/lianasabo\/wp-content\/uploads\/sites\/25\/2023\/10\/WhatsApp-Image-2023-10-24-at-10.45.25.jpeg\"><img loading=\"lazy\" decoding=\"async\" class=\"size-medium wp-image-7677\" src=\"https:\/\/blogs.correiobraziliense.com.br\/lianasabo\/wp-content\/uploads\/sites\/25\/2023\/10\/WhatsApp-Image-2023-10-24-at-10.45.25-300x251.jpeg\" alt=\"\" width=\"300\" height=\"251\" srcset=\"https:\/\/blogs.correiobraziliense.com.br\/lianasabo\/wp-content\/uploads\/sites\/25\/2023\/10\/WhatsApp-Image-2023-10-24-at-10.45.25-300x251.jpeg 300w, https:\/\/blogs.correiobraziliense.com.br\/lianasabo\/wp-content\/uploads\/sites\/25\/2023\/10\/WhatsApp-Image-2023-10-24-at-10.45.25-768x642.jpeg 768w, https:\/\/blogs.correiobraziliense.com.br\/lianasabo\/wp-content\/uploads\/sites\/25\/2023\/10\/WhatsApp-Image-2023-10-24-at-10.45.25.jpeg 800w, https:\/\/blogs.correiobraziliense.com.br\/lianasabo\/wp-content\/uploads\/sites\/25\/2023\/10\/WhatsApp-Image-2023-10-24-at-10.45.25-550x460.jpeg 550w, https:\/\/blogs.correiobraziliense.com.br\/lianasabo\/wp-content\/uploads\/sites\/25\/2023\/10\/WhatsApp-Image-2023-10-24-at-10.45.25-230x192.jpeg 230w\" sizes=\"auto, (max-width: 300px) 100vw, 300px\" \/><\/a><figcaption id=\"caption-attachment-7677\" class=\"wp-caption-text\">Chef Catarina Freire. Cr\u00e9dito: Malu Dominici\/Divulga\u00e7\u00e3o<\/figcaption><\/figure>\n<p>Domingo ser\u00e1 a vez da chef Catarina, formada pelo Iesb e especialista em gastronomia autoral pela PUC-RS. Ela vai ensinar igualmente \u00e0s 16 horas uma receita pra l\u00e1 de refrescante e bastante simples com ingredientes crus que pode ser feita em casa sem dificuldade que \u00e9 o gravlax de salm\u00e3o com tintura de beterraba e emuls\u00e3o de mostarda Dijon.<\/p>\n<p>Mais de 25 produtores estar\u00e3o presentes no Sparkling Festival, cujos ingressos poder\u00e3o ser adquiridos no site <a href=\"https:\/\/sparklingfestival.com.br\/sparkling-festival-2023-brasilia\/\">https:\/\/sparklingfestival.com.br\/sparkling-festival-2023-brasilia\/<\/a>.<\/p>\n","protected":false},"excerpt":{"rendered":"<p>O evento vai reunir chefs renomados que apresentar\u00e3o receitas de ver\u00e3o para harmonizar com espumantes e vinhos\u00a0 Nos dois pr\u00f3ximos dias, amanh\u00e3 (28\/10) e domingo (29), o brasiliense poder\u00e1 curtir um evento que traz espumantes e vinhos de ver\u00e3o, a maioria brasileiros, comidinhas exclusivas preparadas na hora, feira de itens para presente e decora\u00e7\u00e3o, al\u00e9m de um bom jazz que [&hellip;]<\/p>\n","protected":false},"author":54,"featured_media":7675,"comment_status":"open","ping_status":"open","sticky":false,"template":"","format":"standard","meta":{"footnotes":""},"categories":[201],"tags":[185,87,925,653,92],"class_list":["post-7674","post","type-post","status-publish","format-standard","has-post-thumbnail","hentry","category-festival","tag-casapark","tag-espumante","tag-receita","tag-sparkling-festival","tag-vinho"],"_links":{"self":[{"href":"https:\/\/blogs.correiobraziliense.com.br\/lianasabo\/wp-json\/wp\/v2\/posts\/7674","targetHints":{"allow":["GET"]}}],"collection":[{"href":"https:\/\/blogs.correiobraziliense.com.br\/lianasabo\/wp-json\/wp\/v2\/posts"}],"about":[{"href":"https:\/\/blogs.correiobraziliense.com.br\/lianasabo\/wp-json\/wp\/v2\/types\/post"}],"author":[{"embeddable":true,"href":"https:\/\/blogs.correiobraziliense.com.br\/lianasabo\/wp-json\/wp\/v2\/users\/54"}],"replies":[{"embeddable":true,"href":"https:\/\/blogs.correiobraziliense.com.br\/lianasabo\/wp-json\/wp\/v2\/comments?post=7674"}],"version-history":[{"count":1,"href":"https:\/\/blogs.correiobraziliense.com.br\/lianasabo\/wp-json\/wp\/v2\/posts\/7674\/revisions"}],"predecessor-version":[{"id":7679,"href":"https:\/\/blogs.correiobraziliense.com.br\/lianasabo\/wp-json\/wp\/v2\/posts\/7674\/revisions\/7679"}],"wp:featuredmedia":[{"embeddable":true,"href":"https:\/\/blogs.correiobraziliense.com.br\/lianasabo\/wp-json\/wp\/v2\/media\/7675"}],"wp:attachment":[{"href":"https:\/\/blogs.correiobraziliense.com.br\/lianasabo\/wp-json\/wp\/v2\/media?parent=7674"}],"wp:term":[{"taxonomy":"category","embeddable":true,"href":"https:\/\/blogs.correiobraziliense.com.br\/lianasabo\/wp-json\/wp\/v2\/categories?post=7674"},{"taxonomy":"post_tag","embeddable":true,"href":"https:\/\/blogs.correiobraziliense.com.br\/lianasabo\/wp-json\/wp\/v2\/tags?post=7674"}],"curies":[{"name":"wp","href":"https:\/\/api.w.org\/{rel}","templated":true}]}}