{"id":7670,"date":"2023-10-27T06:23:21","date_gmt":"2023-10-27T09:23:21","guid":{"rendered":"https:\/\/blogs.correiobraziliense.com.br\/lianasabo\/?p=7670"},"modified":"2023-10-27T18:09:12","modified_gmt":"2023-10-27T21:09:12","slug":"sucesso-em-outros-estados-boteco-boa-praca-e-inaugurado-em-brasilia","status":"publish","type":"post","link":"https:\/\/blogs.correiobraziliense.com.br\/lianasabo\/sucesso-em-outros-estados-boteco-boa-praca-e-inaugurado-em-brasilia\/","title":{"rendered":"Sucesso em outros estados, Boteco Boa Pra\u00e7a \u00e9 inaugurado em Bras\u00edlia"},"content":{"rendered":"<p><em>O estabelecimento est\u00e1 localizado na 201 Sul e j\u00e1 est\u00e1 aberto para o p\u00fablico<\/em><\/p>\n<p>Presente no Rio de Janeiro, S\u00e3o Paulo, Vit\u00f3ria, Curitiba e Niter\u00f3i, o Boteco da Boa Pra\u00e7a desembarcou em Bras\u00edlia para a abertura da nona unidade da marca, a primeira do Centro-Oeste. Desde a \u00faltima quarta-feira o espa\u00e7o est\u00e1 aberto ao p\u00fablico na 201 Sul. O endere\u00e7o j\u00e1 \u00e9 conhecido pela bo\u00e9mia. Al\u00e9m de ter abrigado por anos o Bar Brahma, tamb\u00e9m foi cen\u00e1rio de tradicionais blocos carnavalescos da cidade que moviam centenas de foli\u00f5es, como o Galinho de Bras\u00edlia, N\u00f3s que Nos Am\u00e1vamos Tanto e Babydoll de Nylon.<\/p>\n<p>A casa pertence ao grupo paulista Alife Nino, que det\u00e9m 14 marcas em 43 estabelecimentos distribu\u00eddos por 12 estados e finca o p\u00e9 pela segunda vez, este ano, em Bras\u00edlia. A primeira foi com a sua mais badalada grife, Nino Cucina, que estreou em julho na 403 Sul. \u201cA nova unidade fortalece a presen\u00e7a do grupo no Centro-Oeste do Brasil. Nosso objetivo \u00e9 oferecer mais entretenimento aos moradores, com um produto democr\u00e1tico, acolhedor e a cara do Brasil\u201d, destaca Alessandro \u00c1vila, CEO do Grupo Alife Nino.<\/p>\n<p>O novo estabelecimento foi constru\u00eddo em um espa\u00e7o com 340m\u00b2 no Bloco C, com p\u00e9 direito alto e varanda. O projeto mistura os estilos r\u00fastico e contempor\u00e2neo, com elementos brasileiros, como cangas de praia, lustres feitos de engradados de cerveja e janelas coloridas.<\/p>\n<p><strong>Roda de samba<\/strong><\/p>\n<figure id=\"attachment_7671\" aria-describedby=\"caption-attachment-7671\" style=\"width: 640px\" class=\"wp-caption aligncenter\"><a href=\"https:\/\/blogs.correiobraziliense.com.br\/lianasabo\/wp-content\/uploads\/sites\/25\/2023\/10\/Croquete.jpg\"><img loading=\"lazy\" decoding=\"async\" class=\"size-full wp-image-7671\" src=\"https:\/\/blogs.correiobraziliense.com.br\/lianasabo\/wp-content\/uploads\/sites\/25\/2023\/10\/Croquete.jpg\" alt=\"\" width=\"640\" height=\"428\" srcset=\"https:\/\/blogs.correiobraziliense.com.br\/lianasabo\/wp-content\/uploads\/sites\/25\/2023\/10\/Croquete.jpg 640w, https:\/\/blogs.correiobraziliense.com.br\/lianasabo\/wp-content\/uploads\/sites\/25\/2023\/10\/Croquete-300x201.jpg 300w, https:\/\/blogs.correiobraziliense.com.br\/lianasabo\/wp-content\/uploads\/sites\/25\/2023\/10\/Croquete-550x368.jpg 550w, https:\/\/blogs.correiobraziliense.com.br\/lianasabo\/wp-content\/uploads\/sites\/25\/2023\/10\/Croquete-230x154.jpg 230w\" sizes=\"auto, (max-width: 640px) 100vw, 640px\" \/><\/a><figcaption id=\"caption-attachment-7671\" class=\"wp-caption-text\">Croquete de carne. Cr\u00e9dito: Boteco Boa Pra\u00e7a\/Divulga\u00e7\u00e3o<\/figcaption><\/figure>\n<p>A brasilidade presente na decora\u00e7\u00e3o serve para anunciar as caracter\u00edsticas do menu, que aposta em op\u00e7\u00f5es t\u00edpicas de um boteco brasileiro. Croquete de carne (R$ 39,90), past\u00e9is (a partir de R$ 42,90), bolinho de costela com catupiry e crosta crocante (R$ 40,90) e dadinho de tapioca (R$ 37,90) est\u00e3o entre os aperitivos. A tradicional feijoada (R$ 49,90) tamb\u00e9m faz parte do card\u00e1pio e ser\u00e1 servida aos s\u00e1bados e domingos com roda de samba.<\/p>\n<figure id=\"attachment_7672\" aria-describedby=\"caption-attachment-7672\" style=\"width: 800px\" class=\"wp-caption aligncenter\"><a href=\"https:\/\/blogs.correiobraziliense.com.br\/lianasabo\/wp-content\/uploads\/sites\/25\/2023\/10\/BoaPra\u00e7a.jpg\"><img loading=\"lazy\" decoding=\"async\" class=\"size-full wp-image-7672\" src=\"https:\/\/blogs.correiobraziliense.com.br\/lianasabo\/wp-content\/uploads\/sites\/25\/2023\/10\/BoaPra\u00e7a.jpg\" alt=\"\" width=\"800\" height=\"818\" srcset=\"https:\/\/blogs.correiobraziliense.com.br\/lianasabo\/wp-content\/uploads\/sites\/25\/2023\/10\/BoaPra\u00e7a.jpg 800w, https:\/\/blogs.correiobraziliense.com.br\/lianasabo\/wp-content\/uploads\/sites\/25\/2023\/10\/BoaPra\u00e7a-293x300.jpg 293w, https:\/\/blogs.correiobraziliense.com.br\/lianasabo\/wp-content\/uploads\/sites\/25\/2023\/10\/BoaPra\u00e7a-768x785.jpg 768w, https:\/\/blogs.correiobraziliense.com.br\/lianasabo\/wp-content\/uploads\/sites\/25\/2023\/10\/BoaPra\u00e7a-550x562.jpg 550w, https:\/\/blogs.correiobraziliense.com.br\/lianasabo\/wp-content\/uploads\/sites\/25\/2023\/10\/BoaPra\u00e7a-230x235.jpg 230w\" sizes=\"auto, (max-width: 800px) 100vw, 800px\" \/><\/a><figcaption id=\"caption-attachment-7672\" class=\"wp-caption-text\">Caipirinha Boa Pra\u00e7a. Cr\u00e9dito: Boteco Boa Pra\u00e7a\/Divulga\u00e7\u00e3o<\/figcaption><\/figure>\n<p>Outra iguaria brasileira no carro-chefe \u00e9 a caipirinha, servida tanto em formato cl\u00e1ssico como nas vers\u00f5es autorais Boa Pra\u00e7a Grape (a partir de R$ 29,90), servida com vodca, saqu\u00ea ou cacha\u00e7a acompanhado de uvas It\u00e1lia e ni\u00e1gara, hortel\u00e3 e xarope de a\u00e7\u00facar, e Pracinha (R$ 31,90), bebida com vodca, amora, suco de lim\u00e3o e cordial de amora. O bom e velho chope (R$ 10,90) tamb\u00e9m n\u00e3o fica de fora. Na casa, ele \u00e9 servido abaixo de zero, tirado de uma chopeira com sistema de refrigera\u00e7\u00e3o de \u00faltima gera\u00e7\u00e3o e nove torneiras.<\/p>\n<p>Quem vai tocar a gest\u00e3o do bar \u00e9 Mauro Calichman, que trabalhou 14 anos no Grupo Jorge Ferreira, ao qual pertencia o bar Brahma, agora substitu\u00eddo pelo Boa Pra\u00e7a.<\/p>\n<p>O Boteco da Boa Pra\u00e7a funciona de ter\u00e7a a sexta-feira, das 17h \u00e0s 2h; s\u00e1bado, das 14h \u00e0s 2h; e domingo, das 12h \u00e0 0h. Mais informa\u00e7\u00f5es pelo Instagram: <a href=\"https:\/\/www.instagram.com\/botecoboapraca\">@botecoboapraca<\/a>.<\/p>\n","protected":false},"excerpt":{"rendered":"<p>O estabelecimento est\u00e1 localizado na 201 Sul e j\u00e1 est\u00e1 aberto para o p\u00fablico Presente no Rio de Janeiro, S\u00e3o Paulo, Vit\u00f3ria, Curitiba e Niter\u00f3i, o Boteco da Boa Pra\u00e7a desembarcou em Bras\u00edlia para a abertura da nona unidade da marca, a primeira do Centro-Oeste. Desde a \u00faltima quarta-feira o espa\u00e7o est\u00e1 aberto ao p\u00fablico na 201 Sul. O endere\u00e7o [&hellip;]<\/p>\n","protected":false},"author":54,"featured_media":7687,"comment_status":"open","ping_status":"open","sticky":false,"template":"","format":"standard","meta":{"footnotes":""},"categories":[225],"tags":[924,71],"class_list":["post-7670","post","type-post","status-publish","format-standard","has-post-thumbnail","hentry","category-bares","tag-boteco-boa-praca","tag-brasilia"],"_links":{"self":[{"href":"https:\/\/blogs.correiobraziliense.com.br\/lianasabo\/wp-json\/wp\/v2\/posts\/7670","targetHints":{"allow":["GET"]}}],"collection":[{"href":"https:\/\/blogs.correiobraziliense.com.br\/lianasabo\/wp-json\/wp\/v2\/posts"}],"about":[{"href":"https:\/\/blogs.correiobraziliense.com.br\/lianasabo\/wp-json\/wp\/v2\/types\/post"}],"author":[{"embeddable":true,"href":"https:\/\/blogs.correiobraziliense.com.br\/lianasabo\/wp-json\/wp\/v2\/users\/54"}],"replies":[{"embeddable":true,"href":"https:\/\/blogs.correiobraziliense.com.br\/lianasabo\/wp-json\/wp\/v2\/comments?post=7670"}],"version-history":[{"count":2,"href":"https:\/\/blogs.correiobraziliense.com.br\/lianasabo\/wp-json\/wp\/v2\/posts\/7670\/revisions"}],"predecessor-version":[{"id":7688,"href":"https:\/\/blogs.correiobraziliense.com.br\/lianasabo\/wp-json\/wp\/v2\/posts\/7670\/revisions\/7688"}],"wp:featuredmedia":[{"embeddable":true,"href":"https:\/\/blogs.correiobraziliense.com.br\/lianasabo\/wp-json\/wp\/v2\/media\/7687"}],"wp:attachment":[{"href":"https:\/\/blogs.correiobraziliense.com.br\/lianasabo\/wp-json\/wp\/v2\/media?parent=7670"}],"wp:term":[{"taxonomy":"category","embeddable":true,"href":"https:\/\/blogs.correiobraziliense.com.br\/lianasabo\/wp-json\/wp\/v2\/categories?post=7670"},{"taxonomy":"post_tag","embeddable":true,"href":"https:\/\/blogs.correiobraziliense.com.br\/lianasabo\/wp-json\/wp\/v2\/tags?post=7670"}],"curies":[{"name":"wp","href":"https:\/\/api.w.org\/{rel}","templated":true}]}}