{"id":7651,"date":"2023-10-18T06:09:40","date_gmt":"2023-10-18T09:09:40","guid":{"rendered":"https:\/\/blogs.correiobraziliense.com.br\/lianasabo\/?p=7651"},"modified":"2023-10-23T09:55:22","modified_gmt":"2023-10-23T12:55:22","slug":"festival-pasta-week-celebra-o-dia-do-macarrao","status":"publish","type":"post","link":"https:\/\/blogs.correiobraziliense.com.br\/lianasabo\/festival-pasta-week-celebra-o-dia-do-macarrao\/","title":{"rendered":"Festival Pasta Week celebra o Dia do Macarr\u00e3o"},"content":{"rendered":"<p><em>Em curta temporada, o evento comemora a data criada em 1995 no mundo<\/em><\/p>\n<p>Depois do popular PF (arroz, feij\u00e3o, carne e salada), o macarr\u00e3o \u00e9 o produto mais consumido no Brasil e tamb\u00e9m no mundo, em que a It\u00e1lia lidera o ranking, seguida pelos Estados Unidos e pela R\u00fassia. N\u00f3s ocupamos o quarto lugar, segundo a Associa\u00e7\u00e3o Brasileira das Ind\u00fastrias de Biscoitos, Massas Aliment\u00edcias e P\u00e3es &amp; Bolos (Abimapi), que calcula em 6kg por ano o consumo de cada brasileiro sendo que o macarr\u00e3o est\u00e1 presente em 99, 3% dos lares.<\/p>\n<figure id=\"attachment_7653\" aria-describedby=\"caption-attachment-7653\" style=\"width: 1080px\" class=\"wp-caption aligncenter\"><a href=\"https:\/\/blogs.correiobraziliense.com.br\/lianasabo\/wp-content\/uploads\/sites\/25\/2023\/10\/WhatsApp-Image-2023-10-17-at-17.10.51.jpeg\"><img loading=\"lazy\" decoding=\"async\" class=\"size-full wp-image-7653\" src=\"https:\/\/blogs.correiobraziliense.com.br\/lianasabo\/wp-content\/uploads\/sites\/25\/2023\/10\/WhatsApp-Image-2023-10-17-at-17.10.51.jpeg\" alt=\"\" width=\"1080\" height=\"884\" srcset=\"https:\/\/blogs.correiobraziliense.com.br\/lianasabo\/wp-content\/uploads\/sites\/25\/2023\/10\/WhatsApp-Image-2023-10-17-at-17.10.51.jpeg 1080w, https:\/\/blogs.correiobraziliense.com.br\/lianasabo\/wp-content\/uploads\/sites\/25\/2023\/10\/WhatsApp-Image-2023-10-17-at-17.10.51-300x246.jpeg 300w, https:\/\/blogs.correiobraziliense.com.br\/lianasabo\/wp-content\/uploads\/sites\/25\/2023\/10\/WhatsApp-Image-2023-10-17-at-17.10.51-768x629.jpeg 768w, https:\/\/blogs.correiobraziliense.com.br\/lianasabo\/wp-content\/uploads\/sites\/25\/2023\/10\/WhatsApp-Image-2023-10-17-at-17.10.51-1024x838.jpeg 1024w, https:\/\/blogs.correiobraziliense.com.br\/lianasabo\/wp-content\/uploads\/sites\/25\/2023\/10\/WhatsApp-Image-2023-10-17-at-17.10.51-800x655.jpeg 800w, https:\/\/blogs.correiobraziliense.com.br\/lianasabo\/wp-content\/uploads\/sites\/25\/2023\/10\/WhatsApp-Image-2023-10-17-at-17.10.51-550x450.jpeg 550w, https:\/\/blogs.correiobraziliense.com.br\/lianasabo\/wp-content\/uploads\/sites\/25\/2023\/10\/WhatsApp-Image-2023-10-17-at-17.10.51-230x188.jpeg 230w\" sizes=\"auto, (max-width: 1080px) 100vw, 1080px\" \/><\/a><figcaption id=\"caption-attachment-7653\" class=\"wp-caption-text\">Menu do Lago Restaurante. Cr\u00e9dito: Pasta Week\/divulga\u00e7\u00e3o<\/figcaption><\/figure>\n<p>Raz\u00f5es de sobra para celebrar a data mundial do macarr\u00e3o, comemorado desde o s\u00e9culo passado no dia 25 de outubro. \u00c9 isto que est\u00e3o fazendo durante 14 dias mais de 25 grifes da cidade em mais de 30 endere\u00e7os, que participam do festival Pasta Week, a partir de segunda-feira (23\/10) e at\u00e9 5 de novembro. Espaguete, penne, lasanha, talharim, ravi\u00f3li, gravatinha e muitas outras massas secas e frescas disputam a prefer\u00eancia do p\u00fablico em pratos divididos em tr\u00eas categorias de pre\u00e7os: R$ 49, R$ 59 e R$ 89, a depender dos ingredientes usados.<\/p>\n<p>Entre os restaurantes participantes est\u00e3o Aroma, Authoral, Babbo Osteria, Bla\u00b4s, Bistr\u00f4 Lacustre, Bloco C, D.O.C., Dona Lenha (4 unidades), Lago, Le Birosque, Nau, Nonna Augusta, Nonno Cantineta, Papp\u00e1 Cuccina, Piovan Cucina, Pecorino (2 unidades), Piovan, Rapport Bistr\u00f4 e Caf\u00e9, Regali, Sant\u00e9 13, Sant\u00e9 Lago, Ticiana Werner, Trattoria da Rosario, Venicce, Villa Tevere, Gran Bier, Sagrado Mar e Tayp\u00e1. Mais informa\u00e7\u00f5es, consulte o site: <a href=\"http:\/\/www.festivaisboamesa.com.br\">www.festivaisboamesa.com.br<\/a><\/p>\n","protected":false},"excerpt":{"rendered":"<p>Em curta temporada, o evento comemora a data criada em 1995 no mundo Depois do popular PF (arroz, feij\u00e3o, carne e salada), o macarr\u00e3o \u00e9 o produto mais consumido no Brasil e tamb\u00e9m no mundo, em que a It\u00e1lia lidera o ranking, seguida pelos Estados Unidos e pela R\u00fassia. N\u00f3s ocupamos o quarto lugar, segundo a Associa\u00e7\u00e3o Brasileira das Ind\u00fastrias [&hellip;]<\/p>\n","protected":false},"author":54,"featured_media":7652,"comment_status":"open","ping_status":"open","sticky":false,"template":"","format":"standard","meta":{"footnotes":""},"categories":[201],"tags":[921,635],"class_list":["post-7651","post","type-post","status-publish","format-standard","has-post-thumbnail","hentry","category-festival","tag-macarrao","tag-pasta-week"],"_links":{"self":[{"href":"https:\/\/blogs.correiobraziliense.com.br\/lianasabo\/wp-json\/wp\/v2\/posts\/7651","targetHints":{"allow":["GET"]}}],"collection":[{"href":"https:\/\/blogs.correiobraziliense.com.br\/lianasabo\/wp-json\/wp\/v2\/posts"}],"about":[{"href":"https:\/\/blogs.correiobraziliense.com.br\/lianasabo\/wp-json\/wp\/v2\/types\/post"}],"author":[{"embeddable":true,"href":"https:\/\/blogs.correiobraziliense.com.br\/lianasabo\/wp-json\/wp\/v2\/users\/54"}],"replies":[{"embeddable":true,"href":"https:\/\/blogs.correiobraziliense.com.br\/lianasabo\/wp-json\/wp\/v2\/comments?post=7651"}],"version-history":[{"count":2,"href":"https:\/\/blogs.correiobraziliense.com.br\/lianasabo\/wp-json\/wp\/v2\/posts\/7651\/revisions"}],"predecessor-version":[{"id":7666,"href":"https:\/\/blogs.correiobraziliense.com.br\/lianasabo\/wp-json\/wp\/v2\/posts\/7651\/revisions\/7666"}],"wp:featuredmedia":[{"embeddable":true,"href":"https:\/\/blogs.correiobraziliense.com.br\/lianasabo\/wp-json\/wp\/v2\/media\/7652"}],"wp:attachment":[{"href":"https:\/\/blogs.correiobraziliense.com.br\/lianasabo\/wp-json\/wp\/v2\/media?parent=7651"}],"wp:term":[{"taxonomy":"category","embeddable":true,"href":"https:\/\/blogs.correiobraziliense.com.br\/lianasabo\/wp-json\/wp\/v2\/categories?post=7651"},{"taxonomy":"post_tag","embeddable":true,"href":"https:\/\/blogs.correiobraziliense.com.br\/lianasabo\/wp-json\/wp\/v2\/tags?post=7651"}],"curies":[{"name":"wp","href":"https:\/\/api.w.org\/{rel}","templated":true}]}}