{"id":7645,"date":"2023-10-14T08:47:57","date_gmt":"2023-10-14T11:47:57","guid":{"rendered":"https:\/\/blogs.correiobraziliense.com.br\/lianasabo\/?p=7645"},"modified":"2023-10-14T08:47:57","modified_gmt":"2023-10-14T11:47:57","slug":"kawaii-pan-lanca-kits-especiais-para-o-dia-das-bruxas","status":"publish","type":"post","link":"https:\/\/blogs.correiobraziliense.com.br\/lianasabo\/kawaii-pan-lanca-kits-especiais-para-o-dia-das-bruxas\/","title":{"rendered":"Kawaii Pan lan\u00e7a kits especiais para o Dia das Bruxas"},"content":{"rendered":"<p><em>Dispon\u00edveis para encomenda at\u00e9 27 de outubro, os pacotes contam com doces tem\u00e1ticos para a data comemorativa<\/em><\/p>\n<p>J\u00e1 tem alguns anos que o Brasil incorporou em seu calend\u00e1rio de festas tem\u00e1ticas o Halloween. E as crian\u00e7as s\u00e3o as que mais se divertem na data pedindo &#8220;doces ou travessuras?&#8221; Com o objetivo de tornar o Dia das Bruxas ainda mais divertido, a chef Evelyne Ofugi preparou uma s\u00e9rie de kits especiais que estar\u00e3o dispon\u00edveis para encomenda at\u00e9 27 de outubro na Kawaii Pan.<\/p>\n<figure id=\"attachment_7648\" aria-describedby=\"caption-attachment-7648\" style=\"width: 794px\" class=\"wp-caption aligncenter\"><a href=\"https:\/\/blogs.correiobraziliense.com.br\/lianasabo\/wp-content\/uploads\/sites\/25\/2023\/10\/53199126787_fbe4edd196_k.jpg\"><img loading=\"lazy\" decoding=\"async\" class=\"size-full wp-image-7648\" src=\"https:\/\/blogs.correiobraziliense.com.br\/lianasabo\/wp-content\/uploads\/sites\/25\/2023\/10\/53199126787_fbe4edd196_k.jpg\" alt=\"\" width=\"794\" height=\"930\" srcset=\"https:\/\/blogs.correiobraziliense.com.br\/lianasabo\/wp-content\/uploads\/sites\/25\/2023\/10\/53199126787_fbe4edd196_k.jpg 794w, https:\/\/blogs.correiobraziliense.com.br\/lianasabo\/wp-content\/uploads\/sites\/25\/2023\/10\/53199126787_fbe4edd196_k-256x300.jpg 256w, https:\/\/blogs.correiobraziliense.com.br\/lianasabo\/wp-content\/uploads\/sites\/25\/2023\/10\/53199126787_fbe4edd196_k-768x900.jpg 768w, https:\/\/blogs.correiobraziliense.com.br\/lianasabo\/wp-content\/uploads\/sites\/25\/2023\/10\/53199126787_fbe4edd196_k-550x644.jpg 550w, https:\/\/blogs.correiobraziliense.com.br\/lianasabo\/wp-content\/uploads\/sites\/25\/2023\/10\/53199126787_fbe4edd196_k-230x269.jpg 230w\" sizes=\"auto, (max-width: 794px) 100vw, 794px\" \/><\/a><figcaption id=\"caption-attachment-7648\" class=\"wp-caption-text\">Cr\u00e9dito: Ba\u00fa Comunica\u00e7\u00e3o\/Divulga\u00e7\u00e3o<\/figcaption><\/figure>\n<p>O destaque vai para a edi\u00e7\u00e3o limitada do kit confeiteiro Cabana Mal Assombrada (R$ 59), formado por uma casinha de biscoito de chocolate j\u00e1 montada e pronta para decorar. A crian\u00e7ada vai poder confeitar com glac\u00ea real de tr\u00eas cores diferentes, confeitos de chocolate e granulados exclusivos do Dia das Bruxas. Outra op\u00e7\u00e3o interativa \u00e9 o kit confeiteiro Esqueletildo (R$ 27), que vem com dois biscoitos de esqueleto (um de chocolate e outro de baunilha), al\u00e9m de glac\u00ea e granulados.<\/p>\n<p>O Halloween tamb\u00e9m inspirou a cria\u00e7\u00e3o de kits salgados, como o Pacote Mix de Arrepiar (R$ 27), com p\u00e3o pizza de zumbi, m\u00famia de salsicha, fantasma de frango desfiado e morcego de chocolate, e o Kit P\u00e3o de Queijo Horripilante, uma caixinha com 12 p\u00e3es congelados e prontos para assar em v\u00e1rios formatos (olho, ratazana e zumbi). Tamb\u00e9m haver\u00e1 empadonhas (empadas medonhas) decoradas com temas arrepiantes e com recheio de frango. Vendidas a R$ 7, a unidade.<\/p>\n<figure id=\"attachment_7647\" aria-describedby=\"caption-attachment-7647\" style=\"width: 800px\" class=\"wp-caption aligncenter\"><a href=\"https:\/\/blogs.correiobraziliense.com.br\/lianasabo\/wp-content\/uploads\/sites\/25\/2023\/10\/53199815573_940854cd6c_k.jpg\"><img loading=\"lazy\" decoding=\"async\" class=\"size-full wp-image-7647\" src=\"https:\/\/blogs.correiobraziliense.com.br\/lianasabo\/wp-content\/uploads\/sites\/25\/2023\/10\/53199815573_940854cd6c_k.jpg\" alt=\"\" width=\"800\" height=\"939\" srcset=\"https:\/\/blogs.correiobraziliense.com.br\/lianasabo\/wp-content\/uploads\/sites\/25\/2023\/10\/53199815573_940854cd6c_k.jpg 800w, https:\/\/blogs.correiobraziliense.com.br\/lianasabo\/wp-content\/uploads\/sites\/25\/2023\/10\/53199815573_940854cd6c_k-256x300.jpg 256w, https:\/\/blogs.correiobraziliense.com.br\/lianasabo\/wp-content\/uploads\/sites\/25\/2023\/10\/53199815573_940854cd6c_k-768x901.jpg 768w, https:\/\/blogs.correiobraziliense.com.br\/lianasabo\/wp-content\/uploads\/sites\/25\/2023\/10\/53199815573_940854cd6c_k-550x646.jpg 550w, https:\/\/blogs.correiobraziliense.com.br\/lianasabo\/wp-content\/uploads\/sites\/25\/2023\/10\/53199815573_940854cd6c_k-230x270.jpg 230w\" sizes=\"auto, (max-width: 800px) 100vw, 800px\" \/><\/a><figcaption id=\"caption-attachment-7647\" class=\"wp-caption-text\">Cr\u00e9dito: Ba\u00fa Comunica\u00e7\u00e3o\/Divulga\u00e7\u00e3o<\/figcaption><\/figure>\n<p>O cliente tamb\u00e9m pode montar seu pr\u00f3prio kit, de acordo com a sua prefer\u00eancia. Mais informa\u00e7\u00f5es no instagram da marca <a href=\"https:\/\/www.instagram.com\/kawaii.panbrasilia\/\">@kawaii.panbrasilia<\/a> ou pelo Goomer da marca brasiliense: <a href=\"https:\/\/kawaii-pan.goomer.app\">https:\/\/kawaii-pan.goomer.app<\/a>. A Kawaii Pan funciona de segunda a sexta-feira, das 8h \u00e0s 16h, na quadra 507, Bloco C, Loja 15, no Cruzeiro Novo.<\/p>\n","protected":false},"excerpt":{"rendered":"<p>Dispon\u00edveis para encomenda at\u00e9 27 de outubro, os pacotes contam com doces tem\u00e1ticos para a data comemorativa J\u00e1 tem alguns anos que o Brasil incorporou em seu calend\u00e1rio de festas tem\u00e1ticas o Halloween. E as crian\u00e7as s\u00e3o as que mais se divertem na data pedindo &#8220;doces ou travessuras?&#8221; Com o objetivo de tornar o Dia das Bruxas ainda mais divertido, [&hellip;]<\/p>\n","protected":false},"author":54,"featured_media":7646,"comment_status":"open","ping_status":"open","sticky":false,"template":"","format":"standard","meta":{"footnotes":""},"categories":[1],"tags":[918,919,920],"class_list":["post-7645","post","type-post","status-publish","format-standard","has-post-thumbnail","hentry","category-sem-categoria","tag-dia-das-bruxas","tag-halloween","tag-kawaii-pan"],"_links":{"self":[{"href":"https:\/\/blogs.correiobraziliense.com.br\/lianasabo\/wp-json\/wp\/v2\/posts\/7645","targetHints":{"allow":["GET"]}}],"collection":[{"href":"https:\/\/blogs.correiobraziliense.com.br\/lianasabo\/wp-json\/wp\/v2\/posts"}],"about":[{"href":"https:\/\/blogs.correiobraziliense.com.br\/lianasabo\/wp-json\/wp\/v2\/types\/post"}],"author":[{"embeddable":true,"href":"https:\/\/blogs.correiobraziliense.com.br\/lianasabo\/wp-json\/wp\/v2\/users\/54"}],"replies":[{"embeddable":true,"href":"https:\/\/blogs.correiobraziliense.com.br\/lianasabo\/wp-json\/wp\/v2\/comments?post=7645"}],"version-history":[{"count":1,"href":"https:\/\/blogs.correiobraziliense.com.br\/lianasabo\/wp-json\/wp\/v2\/posts\/7645\/revisions"}],"predecessor-version":[{"id":7649,"href":"https:\/\/blogs.correiobraziliense.com.br\/lianasabo\/wp-json\/wp\/v2\/posts\/7645\/revisions\/7649"}],"wp:featuredmedia":[{"embeddable":true,"href":"https:\/\/blogs.correiobraziliense.com.br\/lianasabo\/wp-json\/wp\/v2\/media\/7646"}],"wp:attachment":[{"href":"https:\/\/blogs.correiobraziliense.com.br\/lianasabo\/wp-json\/wp\/v2\/media?parent=7645"}],"wp:term":[{"taxonomy":"category","embeddable":true,"href":"https:\/\/blogs.correiobraziliense.com.br\/lianasabo\/wp-json\/wp\/v2\/categories?post=7645"},{"taxonomy":"post_tag","embeddable":true,"href":"https:\/\/blogs.correiobraziliense.com.br\/lianasabo\/wp-json\/wp\/v2\/tags?post=7645"}],"curies":[{"name":"wp","href":"https:\/\/api.w.org\/{rel}","templated":true}]}}