{"id":7620,"date":"2023-10-10T15:28:07","date_gmt":"2023-10-10T18:28:07","guid":{"rendered":"https:\/\/blogs.correiobraziliense.com.br\/lianasabo\/?p=7620"},"modified":"2023-10-10T15:28:07","modified_gmt":"2023-10-10T18:28:07","slug":"dom-francisco-restaurante-tera-programacao-especial-para-as-criancas","status":"publish","type":"post","link":"https:\/\/blogs.correiobraziliense.com.br\/lianasabo\/dom-francisco-restaurante-tera-programacao-especial-para-as-criancas\/","title":{"rendered":"Dom Francisco Restaurante ter\u00e1 programa\u00e7\u00e3o especial para as crian\u00e7as"},"content":{"rendered":"<p><em>No Dia das Crian\u00e7as, o estabelecimento vai dar picol\u00e9 de presente para os pequenos; e no dia 21 o restaurante oferece oficina gastron\u00f4mica para o p\u00fablico infantil<\/em><\/p>\n<p>Em outubro, o Dom Francisco Restaurante ter\u00e1 uma programa\u00e7\u00e3o especial para os pequenos. No Dia das Crian\u00e7as, 12 de outubro, as duas unidades do estabelecimento &#8211;\u00a0localizadas na Asbac e na 402 Sul &#8211; oferecer\u00e3o picol\u00e9s para o p\u00fablico infantil. O presente \u00e9 uma parceria do restaurante com a marca de gelados La Bamba.<\/p>\n<p>J\u00e1 no dia 21, a unidade da 402 Sul ser\u00e1 o cen\u00e1rio para duas oficinas de gastronomia a partir das 10h. O chef Francisco Ansiliero ficar\u00e1 respons\u00e1vel pela oficina \u201cO segredo da farofa de ovos do Dom Francisco\u201d. J\u00e1 a chef Evelyne Ofugi ministrar\u00e1 aula sobre cupcake.<\/p>\n<p>Para participar \u00e9 necess\u00e1rio fazer a inscri\u00e7\u00e3o pelo n\u00famero de WhatsApp (61 99152-3836) e levar um brinquedo que ser\u00e1 doado para crian\u00e7as em vulnerabilidade. As vagas s\u00e3o limitadas.<\/p>\n","protected":false},"excerpt":{"rendered":"<p>No Dia das Crian\u00e7as, o estabelecimento vai dar picol\u00e9 de presente para os pequenos; e no dia 21 o restaurante oferece oficina gastron\u00f4mica para o p\u00fablico infantil Em outubro, o Dom Francisco Restaurante ter\u00e1 uma programa\u00e7\u00e3o especial para os pequenos. No Dia das Crian\u00e7as, 12 de outubro, as duas unidades do estabelecimento &#8211;\u00a0localizadas na Asbac e na 402 Sul &#8211; [&hellip;]<\/p>\n","protected":false},"author":54,"featured_media":7621,"comment_status":"open","ping_status":"open","sticky":false,"template":"","format":"standard","meta":{"footnotes":""},"categories":[73],"tags":[612,480,616,381],"class_list":["post-7620","post","type-post","status-publish","format-standard","has-post-thumbnail","hentry","category-materia","tag-dia-das-criancas","tag-dom-francisco","tag-oficina","tag-programacao"],"_links":{"self":[{"href":"https:\/\/blogs.correiobraziliense.com.br\/lianasabo\/wp-json\/wp\/v2\/posts\/7620","targetHints":{"allow":["GET"]}}],"collection":[{"href":"https:\/\/blogs.correiobraziliense.com.br\/lianasabo\/wp-json\/wp\/v2\/posts"}],"about":[{"href":"https:\/\/blogs.correiobraziliense.com.br\/lianasabo\/wp-json\/wp\/v2\/types\/post"}],"author":[{"embeddable":true,"href":"https:\/\/blogs.correiobraziliense.com.br\/lianasabo\/wp-json\/wp\/v2\/users\/54"}],"replies":[{"embeddable":true,"href":"https:\/\/blogs.correiobraziliense.com.br\/lianasabo\/wp-json\/wp\/v2\/comments?post=7620"}],"version-history":[{"count":1,"href":"https:\/\/blogs.correiobraziliense.com.br\/lianasabo\/wp-json\/wp\/v2\/posts\/7620\/revisions"}],"predecessor-version":[{"id":7622,"href":"https:\/\/blogs.correiobraziliense.com.br\/lianasabo\/wp-json\/wp\/v2\/posts\/7620\/revisions\/7622"}],"wp:featuredmedia":[{"embeddable":true,"href":"https:\/\/blogs.correiobraziliense.com.br\/lianasabo\/wp-json\/wp\/v2\/media\/7621"}],"wp:attachment":[{"href":"https:\/\/blogs.correiobraziliense.com.br\/lianasabo\/wp-json\/wp\/v2\/media?parent=7620"}],"wp:term":[{"taxonomy":"category","embeddable":true,"href":"https:\/\/blogs.correiobraziliense.com.br\/lianasabo\/wp-json\/wp\/v2\/categories?post=7620"},{"taxonomy":"post_tag","embeddable":true,"href":"https:\/\/blogs.correiobraziliense.com.br\/lianasabo\/wp-json\/wp\/v2\/tags?post=7620"}],"curies":[{"name":"wp","href":"https:\/\/api.w.org\/{rel}","templated":true}]}}