{"id":7612,"date":"2023-10-06T09:01:42","date_gmt":"2023-10-06T12:01:42","guid":{"rendered":"https:\/\/blogs.correiobraziliense.com.br\/lianasabo\/?p=7612"},"modified":"2023-10-06T10:13:44","modified_gmt":"2023-10-06T13:13:44","slug":"vinicola-sensi-vini-em-parceria-com-del-maipo-promove-eventos-de-divulgacao-no-brasil","status":"publish","type":"post","link":"https:\/\/blogs.correiobraziliense.com.br\/lianasabo\/vinicola-sensi-vini-em-parceria-com-del-maipo-promove-eventos-de-divulgacao-no-brasil\/","title":{"rendered":"Vin\u00edcola Sensi Vini em parceria com Del Maipo promove eventos de divulga\u00e7\u00e3o no Brasil"},"content":{"rendered":"<p><em>As a\u00e7\u00f5es passaram pela capital federal, local onde os vinhos s\u00e3o importados exclusivamente no Brasil, e por S\u00e3o Paulo<\/em><\/p>\n<p>Desde 2021, a vin\u00edcola de grandes vinhos da Toscana, Sensi Vini, tem uma representa\u00e7\u00e3o em Bras\u00edlia com a parceria com a importadora brasiliense Del Maipo, que traz os r\u00f3tulos exclusivamente para o Brasil. A marca j\u00e1 \u00e9 consolidada na It\u00e1lia, nos Estados Unidos e no Canad\u00e1, e agora tem feito um trabalho para se firmar no Brasil.<\/p>\n<figure id=\"attachment_7614\" aria-describedby=\"caption-attachment-7614\" style=\"width: 635px\" class=\"wp-caption aligncenter\"><a href=\"https:\/\/blogs.correiobraziliense.com.br\/lianasabo\/wp-content\/uploads\/sites\/25\/2023\/10\/IMG_9905-e1586868000680.jpg\"><img loading=\"lazy\" decoding=\"async\" class=\"size-full wp-image-7614\" src=\"https:\/\/blogs.correiobraziliense.com.br\/lianasabo\/wp-content\/uploads\/sites\/25\/2023\/10\/IMG_9905-e1586868000680.jpg\" alt=\"\" width=\"635\" height=\"452\" srcset=\"https:\/\/blogs.correiobraziliense.com.br\/lianasabo\/wp-content\/uploads\/sites\/25\/2023\/10\/IMG_9905-e1586868000680.jpg 635w, https:\/\/blogs.correiobraziliense.com.br\/lianasabo\/wp-content\/uploads\/sites\/25\/2023\/10\/IMG_9905-e1586868000680-300x214.jpg 300w, https:\/\/blogs.correiobraziliense.com.br\/lianasabo\/wp-content\/uploads\/sites\/25\/2023\/10\/IMG_9905-e1586868000680-550x391.jpg 550w, https:\/\/blogs.correiobraziliense.com.br\/lianasabo\/wp-content\/uploads\/sites\/25\/2023\/10\/IMG_9905-e1586868000680-230x164.jpg 230w\" sizes=\"auto, (max-width: 635px) 100vw, 635px\" \/><\/a><figcaption id=\"caption-attachment-7614\" class=\"wp-caption-text\">Cr\u00e9dito: Sensi Vini\/Divulga\u00e7\u00e3o<\/figcaption><\/figure>\n<p>Visando a divulga\u00e7\u00e3o no pa\u00eds, ao longo do m\u00eas de setembro, a capital federal recebeu uma s\u00e9rie eventos com os vinhos da vin\u00edcola, como a 3\u00aa edi\u00e7\u00e3o do <a href=\"https:\/\/blogs.correiobraziliense.com.br\/lianasabo\/restaurante-na-asa-sul-promove-dia-do-vinho-com-60-rotulos\/\">Dia do Vinho<\/a> no restaurante Ticiana Werner, o Jantar Harmonizado do Dom Francisco e a <a href=\"https:\/\/blogs.correiobraziliense.com.br\/lianasabo\/risoto-e-a-aposta-do-jantar-de-degustacao-da-cantina-toscana-camigliano\/\">Confraria Cultural<\/a> no restaurante Piselli. Neste \u00faltimo teve ainda um workshop com apresenta\u00e7\u00e3o de cinco r\u00f3tulos sob o comando de Adalmir Pinheiro, manager da Sensi.<\/p>\n<p>A vin\u00edcola e a importadora tamb\u00e9m foram at\u00e9 S\u00e3o Paulo para mostrar a bebida. L\u00e1, o evento para convidados foi no restaurante Pra\u00e7a S\u00e3o Louren\u00e7o, onde o sommelier Gianni Tartari apresentou os principais r\u00f3tulos e ainda apresentou o 18K Pas Dos\u00e9 &#8211; Prosecco Velvet Edition em lan\u00e7amento. Em solo paulistano, teve ainda a participa\u00e7\u00e3o no <a href=\"https:\/\/prowinesaopaulo.com\/\">Prowine 2023<\/a>, no \u00faltimo dia 5.<\/p>\n<figure id=\"attachment_7615\" aria-describedby=\"caption-attachment-7615\" style=\"width: 800px\" class=\"wp-caption aligncenter\"><a href=\"https:\/\/blogs.correiobraziliense.com.br\/lianasabo\/wp-content\/uploads\/sites\/25\/2023\/10\/18K-pas-dose-gallery-02.jpg\"><img loading=\"lazy\" decoding=\"async\" class=\"size-full wp-image-7615\" src=\"https:\/\/blogs.correiobraziliense.com.br\/lianasabo\/wp-content\/uploads\/sites\/25\/2023\/10\/18K-pas-dose-gallery-02.jpg\" alt=\"\" width=\"800\" height=\"533\" srcset=\"https:\/\/blogs.correiobraziliense.com.br\/lianasabo\/wp-content\/uploads\/sites\/25\/2023\/10\/18K-pas-dose-gallery-02.jpg 800w, https:\/\/blogs.correiobraziliense.com.br\/lianasabo\/wp-content\/uploads\/sites\/25\/2023\/10\/18K-pas-dose-gallery-02-300x200.jpg 300w, https:\/\/blogs.correiobraziliense.com.br\/lianasabo\/wp-content\/uploads\/sites\/25\/2023\/10\/18K-pas-dose-gallery-02-768x512.jpg 768w, https:\/\/blogs.correiobraziliense.com.br\/lianasabo\/wp-content\/uploads\/sites\/25\/2023\/10\/18K-pas-dose-gallery-02-550x366.jpg 550w, https:\/\/blogs.correiobraziliense.com.br\/lianasabo\/wp-content\/uploads\/sites\/25\/2023\/10\/18K-pas-dose-gallery-02-230x153.jpg 230w\" sizes=\"auto, (max-width: 800px) 100vw, 800px\" \/><\/a><figcaption id=\"caption-attachment-7615\" class=\"wp-caption-text\">Cr\u00e9dito: Sensi Vini\/Divulga\u00e7\u00e3o<\/figcaption><\/figure>\n<p><strong>Conhe\u00e7a a Sensi Vini<\/strong><\/p>\n<figure id=\"attachment_7617\" aria-describedby=\"caption-attachment-7617\" style=\"width: 300px\" class=\"wp-caption alignleft\"><a href=\"https:\/\/blogs.correiobraziliense.com.br\/lianasabo\/wp-content\/uploads\/sites\/25\/2023\/10\/Massimo-Sensi.jpg\"><img loading=\"lazy\" decoding=\"async\" class=\"size-medium wp-image-7617\" src=\"https:\/\/blogs.correiobraziliense.com.br\/lianasabo\/wp-content\/uploads\/sites\/25\/2023\/10\/Massimo-Sensi-300x150.jpg\" alt=\"\" width=\"300\" height=\"150\" srcset=\"https:\/\/blogs.correiobraziliense.com.br\/lianasabo\/wp-content\/uploads\/sites\/25\/2023\/10\/Massimo-Sensi-300x150.jpg 300w, https:\/\/blogs.correiobraziliense.com.br\/lianasabo\/wp-content\/uploads\/sites\/25\/2023\/10\/Massimo-Sensi-768x384.jpg 768w, https:\/\/blogs.correiobraziliense.com.br\/lianasabo\/wp-content\/uploads\/sites\/25\/2023\/10\/Massimo-Sensi-1024x512.jpg 1024w, https:\/\/blogs.correiobraziliense.com.br\/lianasabo\/wp-content\/uploads\/sites\/25\/2023\/10\/Massimo-Sensi.jpg 1440w, https:\/\/blogs.correiobraziliense.com.br\/lianasabo\/wp-content\/uploads\/sites\/25\/2023\/10\/Massimo-Sensi-800x400.jpg 800w, https:\/\/blogs.correiobraziliense.com.br\/lianasabo\/wp-content\/uploads\/sites\/25\/2023\/10\/Massimo-Sensi-550x275.jpg 550w, https:\/\/blogs.correiobraziliense.com.br\/lianasabo\/wp-content\/uploads\/sites\/25\/2023\/10\/Massimo-Sensi-230x115.jpg 230w\" sizes=\"auto, (max-width: 300px) 100vw, 300px\" \/><\/a><figcaption id=\"caption-attachment-7617\" class=\"wp-caption-text\">Massimo Sensi. Cr\u00e9dito: Vini Sensi\/Divulga\u00e7\u00e3o<\/figcaption><\/figure>\n<p>Localizada no cora\u00e7\u00e3o da Toscana, a Sensi Vini \u00e9 apontada como uma das maiores vin\u00edcolas da It\u00e1lia. Sua hist\u00f3ria \u00e9 escrita desde 1980 atravessando gera\u00e7\u00f5es da fam\u00edlia. \u201cA Sensi produz vinhos que expressam o respeito ao seu territ\u00f3rio, al\u00e9m de mat\u00e9rias-primas perfeitas e a capacidade de exprimir a tradi\u00e7\u00e3o e inova\u00e7\u00e3o\u201d, afirma Massimo Sensi, propriet\u00e1rio da vin\u00edcola.<\/p>\n<p>Com 54 mil hectares de vinhos, 30% dos quais org\u00e2nicos, a Toscana \u00e9 uma das regi\u00f5es l\u00edderes na produ\u00e7\u00e3o de vinhos DOC entre os mais prestigiados do mundo. \u00c9 nessa \u00e1rea que est\u00e1 situada especificamente a rede de produ\u00e7\u00e3o da Seni Vini, al\u00e9m dos 80 hectares de vinhedos org\u00e2nicos que s\u00e3o cultivados na fazenda familiar nas Colinas entre a cidade de Vinci e Floren\u00e7a.<\/p>\n","protected":false},"excerpt":{"rendered":"<p>As a\u00e7\u00f5es passaram pela capital federal, local onde os vinhos s\u00e3o importados exclusivamente no Brasil, e por S\u00e3o Paulo Desde 2021, a vin\u00edcola de grandes vinhos da Toscana, Sensi Vini, tem uma representa\u00e7\u00e3o em Bras\u00edlia com a parceria com a importadora brasiliense Del Maipo, que traz os r\u00f3tulos exclusivamente para o Brasil. A marca j\u00e1 \u00e9 consolidada na It\u00e1lia, nos [&hellip;]<\/p>\n","protected":false},"author":54,"featured_media":7613,"comment_status":"open","ping_status":"open","sticky":false,"template":"","format":"standard","meta":{"footnotes":""},"categories":[222],"tags":[910,628,908,909,786],"class_list":["post-7612","post","type-post","status-publish","format-standard","has-post-thumbnail","hentry","category-vinhos","tag-del-maipo","tag-italia","tag-sensi-vini","tag-toscana","tag-vinicola"],"_links":{"self":[{"href":"https:\/\/blogs.correiobraziliense.com.br\/lianasabo\/wp-json\/wp\/v2\/posts\/7612","targetHints":{"allow":["GET"]}}],"collection":[{"href":"https:\/\/blogs.correiobraziliense.com.br\/lianasabo\/wp-json\/wp\/v2\/posts"}],"about":[{"href":"https:\/\/blogs.correiobraziliense.com.br\/lianasabo\/wp-json\/wp\/v2\/types\/post"}],"author":[{"embeddable":true,"href":"https:\/\/blogs.correiobraziliense.com.br\/lianasabo\/wp-json\/wp\/v2\/users\/54"}],"replies":[{"embeddable":true,"href":"https:\/\/blogs.correiobraziliense.com.br\/lianasabo\/wp-json\/wp\/v2\/comments?post=7612"}],"version-history":[{"count":2,"href":"https:\/\/blogs.correiobraziliense.com.br\/lianasabo\/wp-json\/wp\/v2\/posts\/7612\/revisions"}],"predecessor-version":[{"id":7618,"href":"https:\/\/blogs.correiobraziliense.com.br\/lianasabo\/wp-json\/wp\/v2\/posts\/7612\/revisions\/7618"}],"wp:featuredmedia":[{"embeddable":true,"href":"https:\/\/blogs.correiobraziliense.com.br\/lianasabo\/wp-json\/wp\/v2\/media\/7613"}],"wp:attachment":[{"href":"https:\/\/blogs.correiobraziliense.com.br\/lianasabo\/wp-json\/wp\/v2\/media?parent=7612"}],"wp:term":[{"taxonomy":"category","embeddable":true,"href":"https:\/\/blogs.correiobraziliense.com.br\/lianasabo\/wp-json\/wp\/v2\/categories?post=7612"},{"taxonomy":"post_tag","embeddable":true,"href":"https:\/\/blogs.correiobraziliense.com.br\/lianasabo\/wp-json\/wp\/v2\/tags?post=7612"}],"curies":[{"name":"wp","href":"https:\/\/api.w.org\/{rel}","templated":true}]}}