{"id":7597,"date":"2023-09-29T06:19:53","date_gmt":"2023-09-29T09:19:53","guid":{"rendered":"https:\/\/blogs.correiobraziliense.com.br\/lianasabo\/?p=7597"},"modified":"2023-09-28T22:21:57","modified_gmt":"2023-09-29T01:21:57","slug":"vem-ai-a-segunda-edicao-do-izzi-tasting","status":"publish","type":"post","link":"https:\/\/blogs.correiobraziliense.com.br\/lianasabo\/vem-ai-a-segunda-edicao-do-izzi-tasting\/","title":{"rendered":"Vem a\u00ed a segunda edi\u00e7\u00e3o do Izzi Tasting"},"content":{"rendered":"<p><em>O evento conta com degusta\u00e7\u00e3o de r\u00f3tulos de vinhos e boa m\u00fasica<\/em><\/p>\n<p>Em 5 de outubro, o Izzi Wine Garden, localizado no Pont\u00e3o do Lago Sul, promove a segunda edi\u00e7\u00e3o do Izzi Tasting. O evento, das 19h \u00e0 0h, contar\u00e1 com uma experi\u00eancia sensorial \u00fanica, com esta\u00e7\u00f5es de r\u00f3tulos de diversos pa\u00edses, estilos e uvas.<\/p>\n<p>A noite, em formato all inclusive, contar\u00e1, ainda, com finger foods, cl\u00e1ssicos do menu e pizzas em fermenta\u00e7\u00e3o natural. Para animar o p\u00fablico, apresenta\u00e7\u00e3o da banda O Bando e DJs. O local \u00e9 100% coberto.<\/p>\n<p>Os ingressos est\u00e3o \u00e0 venda ao valor de R$320 por pessoa pelo site <a href=\"https:\/\/popingressos.com.br\/evento\/izzi-tasting-2a-edicao\">https:\/\/popingressos.com.br\/evento\/izzi-tasting-2a-edicao<\/a> ou pelo WhatsApp: (61) 99211-5375.<\/p>\n","protected":false},"excerpt":{"rendered":"<p>O evento conta com degusta\u00e7\u00e3o de r\u00f3tulos de vinhos e boa m\u00fasica Em 5 de outubro, o Izzi Wine Garden, localizado no Pont\u00e3o do Lago Sul, promove a segunda edi\u00e7\u00e3o do Izzi Tasting. O evento, das 19h \u00e0 0h, contar\u00e1 com uma experi\u00eancia sensorial \u00fanica, com esta\u00e7\u00f5es de r\u00f3tulos de diversos pa\u00edses, estilos e uvas. A noite, em formato all [&hellip;]<\/p>\n","protected":false},"author":54,"featured_media":7598,"comment_status":"open","ping_status":"open","sticky":false,"template":"","format":"standard","meta":{"footnotes":""},"categories":[222],"tags":[907,818],"class_list":["post-7597","post","type-post","status-publish","format-standard","has-post-thumbnail","hentry","category-vinhos","tag-izzi-tasting","tag-izzi-wine-garden"],"_links":{"self":[{"href":"https:\/\/blogs.correiobraziliense.com.br\/lianasabo\/wp-json\/wp\/v2\/posts\/7597","targetHints":{"allow":["GET"]}}],"collection":[{"href":"https:\/\/blogs.correiobraziliense.com.br\/lianasabo\/wp-json\/wp\/v2\/posts"}],"about":[{"href":"https:\/\/blogs.correiobraziliense.com.br\/lianasabo\/wp-json\/wp\/v2\/types\/post"}],"author":[{"embeddable":true,"href":"https:\/\/blogs.correiobraziliense.com.br\/lianasabo\/wp-json\/wp\/v2\/users\/54"}],"replies":[{"embeddable":true,"href":"https:\/\/blogs.correiobraziliense.com.br\/lianasabo\/wp-json\/wp\/v2\/comments?post=7597"}],"version-history":[{"count":1,"href":"https:\/\/blogs.correiobraziliense.com.br\/lianasabo\/wp-json\/wp\/v2\/posts\/7597\/revisions"}],"predecessor-version":[{"id":7599,"href":"https:\/\/blogs.correiobraziliense.com.br\/lianasabo\/wp-json\/wp\/v2\/posts\/7597\/revisions\/7599"}],"wp:featuredmedia":[{"embeddable":true,"href":"https:\/\/blogs.correiobraziliense.com.br\/lianasabo\/wp-json\/wp\/v2\/media\/7598"}],"wp:attachment":[{"href":"https:\/\/blogs.correiobraziliense.com.br\/lianasabo\/wp-json\/wp\/v2\/media?parent=7597"}],"wp:term":[{"taxonomy":"category","embeddable":true,"href":"https:\/\/blogs.correiobraziliense.com.br\/lianasabo\/wp-json\/wp\/v2\/categories?post=7597"},{"taxonomy":"post_tag","embeddable":true,"href":"https:\/\/blogs.correiobraziliense.com.br\/lianasabo\/wp-json\/wp\/v2\/tags?post=7597"}],"curies":[{"name":"wp","href":"https:\/\/api.w.org\/{rel}","templated":true}]}}